{"id":31279,"date":"2026-05-01T08:08:56","date_gmt":"2026-05-01T08:08:56","guid":{"rendered":"https:\/\/eskigazeteci.com\/?p=31279"},"modified":"2026-05-01T08:08:56","modified_gmt":"2026-05-01T08:08:56","slug":"kuresel-sumud-filosu-aktivistleri-girite-birakildi","status":"publish","type":"post","link":"https:\/\/eskigazeteci.com\/?p=31279","title":{"rendered":"K\u00fcresel Sumud Filosu aktivistleri Girit&#8217;e b\u0131rak\u0131ld\u0131"},"content":{"rendered":"<p>K\u00fcresel Sumud Filosu&#x27;yla birlikte \u0130srail&#x27;in Gazze&#x27;de s\u00fcrd\u00fcrd\u00fc\u011f\u00fc ablukay\u0131 delmek i\u00e7in yola \u00e7\u0131kan T\u00fcrk vatanda\u015flar\u0131n\u0131 almak i\u00e7in T\u00fcrkiye&#x27;den g\u00f6revlilerin g\u00f6nderilece\u011fini ve baz\u0131 \u00fclke vatanda\u015flar\u0131n\u0131n da T\u00fcrkiye \u00fczerinden \u00fclkelerine d\u00f6nebilece\u011fi bildirilmi\u015fti.<\/p>\n<p>\u0130srail&#x27;in al\u0131koydu\u011fu aktivistleri Yunanistan &#x27;\u0131n Girit Adas\u0131&#x27;na b\u0131rakt\u0131\u011f\u0131 belirtildi.<\/p>\n<p>K\u00dcRESEL SUMUD F\u0130LOSU<\/p>\n<p>\u0130srail&#x27;in Gazze&#x27;ye y\u00f6nelik ablukas\u0131n\u0131 delerek acil insani yard\u0131m malzemelerini b\u00f6lgeye ula\u015ft\u0131rmay\u0131 hedefleyen K\u00fcresel Sumud Filosu 2026 Bahar Misyonu, 12 Nisan&#x27;da Barselona&#x27;dan Akdeniz&#x27;e do\u011fru yola \u00e7\u0131km\u0131\u015ft\u0131.<\/p>\n<p>\u0130talya&#x27;n\u0131n Sicilya Adas\u0131&#x27;nda yeni g\u00f6n\u00fcll\u00fclerin kat\u0131l\u0131m\u0131yla 26 Nisan&#x27;da hareket eden filo, 29 Nisan gecesi Girit Adas\u0131 a\u00e7\u0131klar\u0131nda uluslararas\u0131 sularda \u0130srail g\u00fc\u00e7lerinin sald\u0131r\u0131s\u0131na u\u011fram\u0131\u015ft\u0131.<\/p>\n<p>\u0130srail m\u00fcdahalesinin uluslararas\u0131 hukuka ayk\u0131r\u0131 oldu\u011funu vurgulayan Filo s\u00f6zc\u00fclerinin bildirdi\u011fine g\u00f6re, teknelerde 39 ayr\u0131 \u00fclkeden gelen ve aralar\u0131nda T\u00fcrk vatanda\u015flar\u0131n\u0131n da yer ald\u0131\u011f\u0131 345 ki\u015fi bulunuyordu.<\/p>\n<p>Gazze &#x27;ye 600 deniz mili mesafede ve Yunan karasular\u0131n\u0131n yaln\u0131zca birka\u00e7 mil d\u0131\u015f\u0131nda ger\u00e7ekle\u015fen m\u00fcdahalede 180 ki\u015finin \u0130srail taraf\u0131ndan g\u00f6zalt\u0131na al\u0131nd\u0131\u011f\u0131 \u00f6\u011frenildi.<\/p>\n<p>K\u00fcresel Sumud Filosu yetkilileri, \u0130srail ordusunun&#8230;<\/p>\n","protected":false},"excerpt":{"rendered":"<p>Gazze&#8217;ye y\u00f6nelik i\u015fgal ve ablukas\u0131n\u0131 s\u00fcrd\u00fcren \u0130srail&#8217;in Yunanistan a\u00e7\u0131klar\u0131nda m\u00fcdahale etti\u011fi K\u00fcresel Sumud Filosu aktivistleri Girit Adas\u0131&#8217;na b\u0131rak\u0131ld\u0131&#8230;.<\/p>\n","protected":false},"author":2,"featured_media":31278,"comment_status":"open","ping_status":"open","sticky":false,"template":"","format":"standard","meta":{"footnotes":""},"categories":[6,5],"tags":[],"class_list":["post-31279","post","type-post","status-publish","format-standard","has-post-thumbnail","hentry","category-gundem","category-son-dakika"],"_links":{"self":[{"href":"https:\/\/eskigazeteci.com\/index.php?rest_route=\/wp\/v2\/posts\/31279","targetHints":{"allow":["GET"]}}],"collection":[{"href":"https:\/\/eskigazeteci.com\/index.php?rest_route=\/wp\/v2\/posts"}],"about":[{"href":"https:\/\/eskigazeteci.com\/index.php?rest_route=\/wp\/v2\/types\/post"}],"author":[{"embeddable":true,"href":"https:\/\/eskigazeteci.com\/index.php?rest_route=\/wp\/v2\/users\/2"}],"replies":[{"embeddable":true,"href":"https:\/\/eskigazeteci.com\/index.php?rest_route=%2Fwp%2Fv2%2Fcomments&post=31279"}],"version-history":[{"count":0,"href":"https:\/\/eskigazeteci.com\/index.php?rest_route=\/wp\/v2\/posts\/31279\/revisions"}],"wp:featuredmedia":[{"embeddable":true,"href":"https:\/\/eskigazeteci.com\/index.php?rest_route=\/wp\/v2\/media\/31278"}],"wp:attachment":[{"href":"https:\/\/eskigazeteci.com\/index.php?rest_route=%2Fwp%2Fv2%2Fmedia&parent=31279"}],"wp:term":[{"taxonomy":"category","embeddable":true,"href":"https:\/\/eskigazeteci.com\/index.php?rest_route=%2Fwp%2Fv2%2Fcategories&post=31279"},{"taxonomy":"post_tag","embeddable":true,"href":"https:\/\/eskigazeteci.com\/index.php?rest_route=%2Fwp%2Fv2%2Ftags&post=31279"}],"curies":[{"name":"wp","href":"https:\/\/api.w.org\/{rel}","templated":true}]}}