{"id":31273,"date":"2026-05-01T07:57:18","date_gmt":"2026-05-01T07:57:18","guid":{"rendered":"https:\/\/eskigazeteci.com\/?p=31273"},"modified":"2026-05-01T07:57:18","modified_gmt":"2026-05-01T07:57:18","slug":"oscar-odulune-silah-engeli-1-5-ay-once-kazanmisti-kayboldu","status":"publish","type":"post","link":"https:\/\/eskigazeteci.com\/?p=31273","title":{"rendered":"Oscar \u00f6d\u00fcl\u00fcne &#8216;silah&#8217; engeli! 1.5 ay \u00f6nce kazanm\u0131\u015ft\u0131: Kayboldu"},"content":{"rendered":"<p>Oscar \u00f6d\u00fcll\u00fc Rus y\u00f6netmen Pavel Talankin \u2019in heykelci\u011fi, u\u00e7u\u015f \u00f6ncesi \u201csilah olarak kullan\u0131labilir\u201d gerek\u00e7esiyle kabine al\u0131nmad\u0131. Ancak as\u0131l skandal, \u00f6d\u00fcl\u00fcn Almanya\u2019ya ini\u015fin ard\u0131ndan ortadan kaybolmas\u0131yla patlak verdi.<\/p>\n<p>HAVAL\u0130MANINDA \u015eOK KARAR<\/p>\n<p>BBC\u2019nin aktard\u0131\u011f\u0131na g\u00f6re Talankin, 29 Nisan\u2019da New York\u2019tan Almanya\u2019ya giderken Oscar heykelci\u011fini kabin bagaj\u0131nda ta\u015f\u0131mak istedi.<\/p>\n<p>Ancak John F. Kennedy Havaliman\u0131\u2019ndaki g\u00fcvenlik g\u00f6revlileri, yakla\u015f\u0131k 3,8 kilogram a\u011f\u0131rl\u0131\u011f\u0131ndaki heykelci\u011fin \u201csilah olarak kullan\u0131labilece\u011fi\u201d gerek\u00e7esiyle buna izin vermedi.<\/p>\n<p>Talankin ya\u015fad\u0131\u011f\u0131 \u015fa\u015fk\u0131nl\u0131\u011f\u0131 \u015fu s\u00f6zlerle dile getirdi:<\/p>\n<p>\u201cOscar\u2019\u0131 nas\u0131l bir silah olarak g\u00f6rd\u00fcklerini anlamak ger\u00e7ekten \u00e7ok zor.\u201d<\/p>\n<p>KUTUYA KONULDU, \u0130Z\u0130 KAYBOLDU<\/p>\n<p>Talankin\u2019in seyahat etti\u011fi Lufthansa Havayollar\u0131\u2019n\u0131n y\u00f6nlendirmesiyle heykelcik karton bir kutuya konuldu. Balonlu naylonla sar\u0131lan \u00f6d\u00fcl etiketlenerek ta\u015f\u0131nmak \u00fczere teslim al\u0131nd\u0131.<\/p>\n<p>Ancak y\u00f6netmen Frankfurt\u2019a ula\u015ft\u0131\u011f\u0131nda heykelci\u011fin ortada olmad\u0131\u011f\u0131 ortaya \u00e7\u0131kt\u0131.<\/p>\n<p>HAVAYOLUNDAN A\u00c7IKLAMA<\/p>\n<p>Lufthansa, olay sonras\u0131 \u00f6z\u00fcr mesaj\u0131 yay\u0131mlayarak kapsaml\u0131 bir soru\u015fturma ba\u015flat\u0131ld\u0131\u011f\u0131n\u0131 duyurdu.<\/p>\n<p>Talankin\u2019in yap\u0131mc\u0131s\u0131 ve terc\u00fcman\u0131 Robin Hessman ise durumu \u015f\u00f6yle anlatt\u0131:<\/p>\n<p>\u201cBu sabah Frankfurt\u2019tan&#8230;<\/p>\n","protected":false},"excerpt":{"rendered":"<p>Oscar \u00f6d\u00fcll\u00fc Rus y\u00f6netmen Pavel Talankin\u2019in Oscar \u00f6d\u00fcl\u00fc, ABD\u2019de \u201csilah olabilir\u201d gerek\u00e7esiyle u\u00e7a\u011fa al\u0131nmad\u0131. Almanya\u2019ya ini\u015fte ortadan kaybolan \u00f6d\u00fcl,&#8230;<\/p>\n","protected":false},"author":2,"featured_media":31272,"comment_status":"open","ping_status":"open","sticky":false,"template":"","format":"standard","meta":{"footnotes":""},"categories":[6,5],"tags":[],"class_list":["post-31273","post","type-post","status-publish","format-standard","has-post-thumbnail","hentry","category-gundem","category-son-dakika"],"_links":{"self":[{"href":"https:\/\/eskigazeteci.com\/index.php?rest_route=\/wp\/v2\/posts\/31273","targetHints":{"allow":["GET"]}}],"collection":[{"href":"https:\/\/eskigazeteci.com\/index.php?rest_route=\/wp\/v2\/posts"}],"about":[{"href":"https:\/\/eskigazeteci.com\/index.php?rest_route=\/wp\/v2\/types\/post"}],"author":[{"embeddable":true,"href":"https:\/\/eskigazeteci.com\/index.php?rest_route=\/wp\/v2\/users\/2"}],"replies":[{"embeddable":true,"href":"https:\/\/eskigazeteci.com\/index.php?rest_route=%2Fwp%2Fv2%2Fcomments&post=31273"}],"version-history":[{"count":0,"href":"https:\/\/eskigazeteci.com\/index.php?rest_route=\/wp\/v2\/posts\/31273\/revisions"}],"wp:featuredmedia":[{"embeddable":true,"href":"https:\/\/eskigazeteci.com\/index.php?rest_route=\/wp\/v2\/media\/31272"}],"wp:attachment":[{"href":"https:\/\/eskigazeteci.com\/index.php?rest_route=%2Fwp%2Fv2%2Fmedia&parent=31273"}],"wp:term":[{"taxonomy":"category","embeddable":true,"href":"https:\/\/eskigazeteci.com\/index.php?rest_route=%2Fwp%2Fv2%2Fcategories&post=31273"},{"taxonomy":"post_tag","embeddable":true,"href":"https:\/\/eskigazeteci.com\/index.php?rest_route=%2Fwp%2Fv2%2Ftags&post=31273"}],"curies":[{"name":"wp","href":"https:\/\/api.w.org\/{rel}","templated":true}]}}