{"id":31267,"date":"2026-05-01T07:45:48","date_gmt":"2026-05-01T07:45:48","guid":{"rendered":"https:\/\/eskigazeteci.com\/?p=31267"},"modified":"2026-05-01T07:45:48","modified_gmt":"2026-05-01T07:45:48","slug":"imajlar-yarisiyor","status":"publish","type":"post","link":"https:\/\/eskigazeteci.com\/?p=31267","title":{"rendered":"\u0130majlar yar\u0131\u015f\u0131yor!"},"content":{"rendered":"<p>SAKAL-BIYIK G\u0130TT\u0130<\/p>\n<p>Kariyerine \u0130talya\u2019da devam eden Can Yaman, kendisiyle \u00f6zde\u015fle\u015fen b\u0131y\u0131k ve sakal\u0131yla vedala\u015ft\u0131. Roma\u2019da berber koltu\u011funa oturup sinekkayd\u0131 t\u0131ra\u015f olan \u00fcnl\u00fc oyuncu, yeni g\u00f6r\u00fcnt\u00fcs\u00fcyle verdi\u011fi pozlar\u0131 Instagram\u2019da payla\u015ft\u0131.<\/p>\n<p>O kareler takip\u00e7ilerini ikiye b\u00f6ld\u00fc. Kimileri Can Yaman \u2019\u0131n sakals\u0131z imaj\u0131n\u0131 be\u011fenirken, kimileri \u201cSakals\u0131z olmam\u0131\u015f\u201d, \u201cEski haline geri d\u00f6n\u201d \u015feklinde yorumlar yapt\u0131.<\/p>\n<p>JUSTIN\u2019E BENZED\u0130<\/p>\n<p>Pop m\u00fczi\u011fin gen\u00e7 y\u0131ld\u0131z\u0131 Edis de imaj\u0131n\u0131 de\u011fi\u015ftirdi, sa\u00e7lar\u0131n\u0131 sar\u0131ya boyat\u0131p perma yapt\u0131rd\u0131. Yeni halini d\u00fcnyaca \u00fcnl\u00fc \u015fark\u0131c\u0131 Justin Timberlake \u2019in y\u0131llar \u00f6nceki foto\u011fraflar\u0131yla birlikte Instagram\u2019da be\u011feniye sunan Edis, payla\u015f\u0131m\u0131na \u201cN\u2019olur al\u0131\u015f\u0131n ben \u00e7ok sevdim\u201d notunu d\u00fc\u015ft\u00fc.<\/p>\n<p>Annesi Sevil G\u00f6rg\u00fcl\u00fc\u2019n\u00fcn yeni halini g\u00f6rd\u00fckten sonra kendisine att\u0131\u011f\u0131 \u201cSak\u0131nnnn\u201d mesaj\u0131n\u0131n ekran foto\u011fraf\u0131n\u0131 da yay\u0131nlayan \u015fark\u0131c\u0131 takip\u00e7ilerini g\u00fcl\u00fcmsetti.<\/p>\n<p>T\u00fcrkiye&#x27;den ve D\u00fcnya\u2019dan son dakika haberleri, k\u00f6\u015fe yaz\u0131lar\u0131, magazinden siyasete, spordan seyahate b\u00fct\u00fcn konular\u0131n tek adresi Hurriyet.com.tr haber i\u00e7erikleri izin al\u0131nmadan, kaynak g\u00f6sterilerek dahi iktibas edilemez. Kanuna ayk\u0131r\u0131 ve izinsiz olarak kopyalanamaz, ba\u015fka yerde yay\u0131nlanamaz.<\/p>\n","protected":false},"excerpt":{"rendered":"<p>Can Yaman ve Edis radikal imaj de\u011fi\u015fiklikleriyle hayranlar\u0131n\u0131 \u015fa\u015fk\u0131na \u00e7evirdi. Can Yaman sakallar\u0131yla vedala\u015f\u0131rken, Edis sa\u00e7lar\u0131n\u0131 sar\u0131ya boyatarak kendisini&#8230;<\/p>\n","protected":false},"author":2,"featured_media":31266,"comment_status":"open","ping_status":"open","sticky":false,"template":"","format":"standard","meta":{"footnotes":""},"categories":[6,5],"tags":[],"class_list":["post-31267","post","type-post","status-publish","format-standard","has-post-thumbnail","hentry","category-gundem","category-son-dakika"],"_links":{"self":[{"href":"https:\/\/eskigazeteci.com\/index.php?rest_route=\/wp\/v2\/posts\/31267","targetHints":{"allow":["GET"]}}],"collection":[{"href":"https:\/\/eskigazeteci.com\/index.php?rest_route=\/wp\/v2\/posts"}],"about":[{"href":"https:\/\/eskigazeteci.com\/index.php?rest_route=\/wp\/v2\/types\/post"}],"author":[{"embeddable":true,"href":"https:\/\/eskigazeteci.com\/index.php?rest_route=\/wp\/v2\/users\/2"}],"replies":[{"embeddable":true,"href":"https:\/\/eskigazeteci.com\/index.php?rest_route=%2Fwp%2Fv2%2Fcomments&post=31267"}],"version-history":[{"count":0,"href":"https:\/\/eskigazeteci.com\/index.php?rest_route=\/wp\/v2\/posts\/31267\/revisions"}],"wp:featuredmedia":[{"embeddable":true,"href":"https:\/\/eskigazeteci.com\/index.php?rest_route=\/wp\/v2\/media\/31266"}],"wp:attachment":[{"href":"https:\/\/eskigazeteci.com\/index.php?rest_route=%2Fwp%2Fv2%2Fmedia&parent=31267"}],"wp:term":[{"taxonomy":"category","embeddable":true,"href":"https:\/\/eskigazeteci.com\/index.php?rest_route=%2Fwp%2Fv2%2Fcategories&post=31267"},{"taxonomy":"post_tag","embeddable":true,"href":"https:\/\/eskigazeteci.com\/index.php?rest_route=%2Fwp%2Fv2%2Ftags&post=31267"}],"curies":[{"name":"wp","href":"https:\/\/api.w.org\/{rel}","templated":true}]}}