{"id":31265,"date":"2026-05-01T07:40:28","date_gmt":"2026-05-01T07:40:28","guid":{"rendered":"https:\/\/eskigazeteci.com\/?p=31265"},"modified":"2026-05-01T07:40:28","modified_gmt":"2026-05-01T07:40:28","slug":"1-mayista-taksimde-yollar-kapandi-turistler-valizleriyle-yurudu","status":"publish","type":"post","link":"https:\/\/eskigazeteci.com\/?p=31265","title":{"rendered":"1 May\u0131s&#8217;ta Taksim&#8217;de yollar kapand\u0131! Turistler valizleriyle y\u00fcr\u00fcd\u00fc"},"content":{"rendered":"<p>\u0130stanbul Valili\u011fi&#x27;nin 1 May\u0131s Emek ve Dayan\u0131\u015fma G\u00fcn\u00fc tedbirleri kapsam\u0131nda ald\u0131\u011f\u0131 kararla Taksim Meydan\u0131 ve Taksim&#x27;e \u00e7\u0131kan yollar trafi\u011fe kapat\u0131ld\u0131. Sabiha G\u00f6k\u00e7en ve \u0130stanbul Havaliman\u0131 servisine binmek isteyen turistler, ya\u011fmur alt\u0131nda valizleriyle duraklara y\u00fcr\u00fcmek zorunda kald\u0131. Baz\u0131lar\u0131 da taksilere binerek gitti.<\/p>\n<p>Caddeye \u00e7\u0131kan t\u00fcm sokaklar\u0131n giri\u015fleri demir bariyerlerle kapat\u0131l\u0131rken, polis ekipleri belirlenen kontrol noktalarda bekleyi\u015fini s\u00fcrd\u00fcr\u00fcyor. TOMA&#x27;lar\u0131n haz\u0131r bekletildi\u011fi Taksim ve \u00e7evresinde baz\u0131 toplu ta\u015f\u0131ma noktalar\u0131nda da k\u0131s\u0131tlamalar devam ediyor.<\/p>\n<p>T\u00fcrkiye g\u00fcndeminden son dakika haberleri, bug\u00fcn ya\u015fanan en son geli\u015fmeler, siyaset g\u00fcndeminden g\u00fcncel haberler ve b\u00fct\u00fcn son dakika haberleri i\u00e7in H\u00fcrriyet&#x27;in internet haber sitesi hurriyet.com.tr; Hurriyet.com.tr haber i\u00e7erikleri kaynak g\u00f6sterilmeden al\u0131nt\u0131 yap\u0131lamaz, Kanuna ayk\u0131r\u0131 ve izinsiz olarak kopyalanamaz, ba\u015fka yerde yay\u0131nlanamaz.<\/p>\n","protected":false},"excerpt":{"rendered":"<p>1 May\u0131s Emek ve Dayan\u0131\u015fma G\u00fcn\u00fc i\u00e7in Taksim Meydan\u0131 ve Taksim&#8217;e \u00e7\u0131kan yollar sabah\u0131n erken saatlerinden itibaren ara\u00e7 ve yaya trafi\u011fine kapat\u0131ld\u0131. Kapanan&#8230;<\/p>\n","protected":false},"author":2,"featured_media":31264,"comment_status":"open","ping_status":"open","sticky":false,"template":"","format":"standard","meta":{"footnotes":""},"categories":[6,5],"tags":[],"class_list":["post-31265","post","type-post","status-publish","format-standard","has-post-thumbnail","hentry","category-gundem","category-son-dakika"],"_links":{"self":[{"href":"https:\/\/eskigazeteci.com\/index.php?rest_route=\/wp\/v2\/posts\/31265","targetHints":{"allow":["GET"]}}],"collection":[{"href":"https:\/\/eskigazeteci.com\/index.php?rest_route=\/wp\/v2\/posts"}],"about":[{"href":"https:\/\/eskigazeteci.com\/index.php?rest_route=\/wp\/v2\/types\/post"}],"author":[{"embeddable":true,"href":"https:\/\/eskigazeteci.com\/index.php?rest_route=\/wp\/v2\/users\/2"}],"replies":[{"embeddable":true,"href":"https:\/\/eskigazeteci.com\/index.php?rest_route=%2Fwp%2Fv2%2Fcomments&post=31265"}],"version-history":[{"count":0,"href":"https:\/\/eskigazeteci.com\/index.php?rest_route=\/wp\/v2\/posts\/31265\/revisions"}],"wp:featuredmedia":[{"embeddable":true,"href":"https:\/\/eskigazeteci.com\/index.php?rest_route=\/wp\/v2\/media\/31264"}],"wp:attachment":[{"href":"https:\/\/eskigazeteci.com\/index.php?rest_route=%2Fwp%2Fv2%2Fmedia&parent=31265"}],"wp:term":[{"taxonomy":"category","embeddable":true,"href":"https:\/\/eskigazeteci.com\/index.php?rest_route=%2Fwp%2Fv2%2Fcategories&post=31265"},{"taxonomy":"post_tag","embeddable":true,"href":"https:\/\/eskigazeteci.com\/index.php?rest_route=%2Fwp%2Fv2%2Ftags&post=31265"}],"curies":[{"name":"wp","href":"https:\/\/api.w.org\/{rel}","templated":true}]}}