{"id":31263,"date":"2026-05-01T07:38:54","date_gmt":"2026-05-01T07:38:54","guid":{"rendered":"https:\/\/eskigazeteci.com\/?p=31263"},"modified":"2026-05-01T07:38:54","modified_gmt":"2026-05-01T07:38:54","slug":"tek-hat-uzerine-kurulu-tam-10-kilometre-uzunlukta-rusya-ve-guney-koreden-gormek-icin-geliyorlar","status":"publish","type":"post","link":"https:\/\/eskigazeteci.com\/?p=31263","title":{"rendered":"Tek hat \u00fczerine kurulu: Tam 10 kilometre uzunlukta! Rusya ve G\u00fcney Kore&#8217;den g\u00f6rmek i\u00e7in geliyorlar"},"content":{"rendered":"<p>T\u00fcrkiye&#x27;nin tek hat \u00fczerinde kurulu en b\u00fcy\u00fc\u011f\u00fc, Avrupa&#x27;n\u0131n ise en b\u00fcy\u00fck teleferiklerinden biri olarak, 2007 y\u0131l\u0131ndan bu yana 2365 metrelik Tahtal\u0131 Da\u011f\u0131&#x27;n\u0131n zirvesine \u00e7\u0131kmak i\u00e7in kullan\u0131lan, y\u0131ll\u0131k 200 ila 300 bin ki\u015fiyi zirveye ta\u015f\u0131yan teleferikte planl\u0131 bak\u0131m \u00e7al\u0131\u015fmalar\u0131 yap\u0131ld\u0131. 3&#x27;\u00fc \u0130svi\u00e7re&#x27;den gelen 13 ki\u015filik \u00f6zel ekip, 15 metre y\u00fcksekli\u011fe k\u00f6pr\u00fc kurarak \u00e7al\u0131\u015fmaya ba\u015flad\u0131.<\/p>\n<p>G\u00fcvenlik \u00f6nemlerine dikkat edilerek y\u00fcr\u00fct\u00fclen \u00e7al\u0131\u015fmalarda, 10 kilometrelik teleferik halat\u0131nda planl\u0131 olarak 14 metrelik k\u0131saltma i\u015flemi yap\u0131ld\u0131. \u00d6zel ekibin halatlar \u00fczerinde zorlu m\u00fccadeleyle y\u00fcr\u00fctt\u00fc\u011f\u00fc bu \u00e7al\u0131\u015fma ile 2022 y\u0131l\u0131nda yenilenen halatlar orijinal haline getirildi. &#x27;PLANLAMASI 6 AY \u00d6NCES\u0130NDEN YAPILDI&#x27;<\/p>\n<p>11 y\u0131ld\u0131r Tahtal\u0131 Da\u011f\u0131 &#x27;ndaki teleferikte teknik dan\u0131\u015fman olarak g\u00f6rev yapan \u0130svi\u00e7reli Roland Streule, &quot;2022 y\u0131l\u0131nda \u00e7ekici halat\u0131m\u0131z\u0131 de\u011fi\u015ftirdik. \u015eimdi de onun k\u0131saltma i\u015flemini yap\u0131yoruz. Halat\u0131m\u0131z\u0131n uzunlu\u011fu yakla\u015f\u0131k 10 kilometre, \u015fu anda yakla\u015f\u0131k 14 metrelik b\u00f6l\u00fcm\u00fcn\u00fc kesmi\u015f bulunmaktay\u0131z. Bununla do\u011fru uzunlu\u011fa yeniden getirdik halat\u0131m\u0131z\u0131. Bu tarz i\u015flerde risk analizi \u00e7ok \u00f6nemlidir. Riskleri analiz edip, planlar\u0131m\u0131z\u0131 ona g\u00f6re yap\u0131p, sonra \u00e7al\u0131\u015fmaya ba\u015flamam\u0131z gerekir. Bu i\u015flemi yapan 2 firma&#8230;<\/p>\n","protected":false},"excerpt":{"rendered":"<p>Antalya&#8217;n\u0131n Kemer il\u00e7esinde 2365 metrelik Tahtal\u0131 Da\u011f\u0131&#8217;n\u0131n zirvesine \u00e7\u0131kmak i\u00e7in kullan\u0131lan teleferik, 3&#8217;\u00fc \u0130svi\u00e7re&#8217;den gelen 13 ki\u015filik ekip taraf\u0131ndan&#8230;<\/p>\n","protected":false},"author":2,"featured_media":31262,"comment_status":"open","ping_status":"open","sticky":false,"template":"","format":"standard","meta":{"footnotes":""},"categories":[6,5],"tags":[],"class_list":["post-31263","post","type-post","status-publish","format-standard","has-post-thumbnail","hentry","category-gundem","category-son-dakika"],"_links":{"self":[{"href":"https:\/\/eskigazeteci.com\/index.php?rest_route=\/wp\/v2\/posts\/31263","targetHints":{"allow":["GET"]}}],"collection":[{"href":"https:\/\/eskigazeteci.com\/index.php?rest_route=\/wp\/v2\/posts"}],"about":[{"href":"https:\/\/eskigazeteci.com\/index.php?rest_route=\/wp\/v2\/types\/post"}],"author":[{"embeddable":true,"href":"https:\/\/eskigazeteci.com\/index.php?rest_route=\/wp\/v2\/users\/2"}],"replies":[{"embeddable":true,"href":"https:\/\/eskigazeteci.com\/index.php?rest_route=%2Fwp%2Fv2%2Fcomments&post=31263"}],"version-history":[{"count":0,"href":"https:\/\/eskigazeteci.com\/index.php?rest_route=\/wp\/v2\/posts\/31263\/revisions"}],"wp:featuredmedia":[{"embeddable":true,"href":"https:\/\/eskigazeteci.com\/index.php?rest_route=\/wp\/v2\/media\/31262"}],"wp:attachment":[{"href":"https:\/\/eskigazeteci.com\/index.php?rest_route=%2Fwp%2Fv2%2Fmedia&parent=31263"}],"wp:term":[{"taxonomy":"category","embeddable":true,"href":"https:\/\/eskigazeteci.com\/index.php?rest_route=%2Fwp%2Fv2%2Fcategories&post=31263"},{"taxonomy":"post_tag","embeddable":true,"href":"https:\/\/eskigazeteci.com\/index.php?rest_route=%2Fwp%2Fv2%2Ftags&post=31263"}],"curies":[{"name":"wp","href":"https:\/\/api.w.org\/{rel}","templated":true}]}}