{"id":31261,"date":"2026-05-01T07:37:21","date_gmt":"2026-05-01T07:37:21","guid":{"rendered":"https:\/\/eskigazeteci.com\/?p=31261"},"modified":"2026-05-01T07:37:21","modified_gmt":"2026-05-01T07:37:21","slug":"iran-yonetiminde-erakci-krizi-iddiasi","status":"publish","type":"post","link":"https:\/\/eskigazeteci.com\/?p=31261","title":{"rendered":"\u0130ran y\u00f6netiminde &#8216;Erak\u00e7i&#8217; krizi iddias\u0131"},"content":{"rendered":"<p>\u0130ran\u2019da \u00fcst d\u00fczey y\u00f6netimde kriz ya\u015fand\u0131\u011f\u0131 iddia edildi. Muhalif \u00e7izgisiyle bilinen \u0130ran International\u2019a g\u00f6re, Cumhurba\u015fkan\u0131 Mesud Peze\u015fkiyan ve Meclis Ba\u015fkan\u0131 Muhammed Bak\u0131r Galibaf, D\u0131\u015fi\u015fleri Bakan\u0131 Abbas Erak\u00e7i \u2019nin g\u00f6revden al\u0131nmas\u0131n\u0131 istedi.<\/p>\n<p>\u201cVAH\u0130D\u0130\u2019YE YAKIN DAVRANIYOR\u201d SU\u00c7LAMASI<\/p>\n<p>Haberde, Peze\u015fkiyan ve Galibaf\u2019\u0131n Erak\u00e7i\u2019yi, ABD ile y\u00fcr\u00fct\u00fclen m\u00fczakerelerde Devrim Muhaf\u0131zlar\u0131 Komutan\u0131 Ahmed Vahidi\u2019ye a\u015f\u0131r\u0131 derecede yak\u0131n bir tutum sergilemekle su\u00e7lad\u0131\u011f\u0131 \u00f6ne s\u00fcr\u00fcld\u00fc.<\/p>\n<p>\u0130ddialara g\u00f6re Erak\u00e7i\u2019nin, \u201ch\u00fck\u00fcmeti temsil eden bir bakan gibi de\u011fil, Vahidi\u2019nin yard\u0131mc\u0131s\u0131 gibi davrand\u0131\u011f\u0131\u201d ileri s\u00fcr\u00fcld\u00fc.<\/p>\n<p>\u201cG\u00d6REVDEN ALAB\u0130L\u0130R\u201d MESAJI<\/p>\n<p>Konuyla ilgili bilgi sahibi iki kayna\u011fa dayand\u0131r\u0131lan haberde, Cumhurba\u015fkan\u0131 Peze\u015fkiyan\u2019\u0131n bu durumun devam etmesi halinde Erak\u00e7i\u2019yi g\u00f6revden alabilece\u011fini yak\u0131n \u00e7evresine iletti\u011fi belirtildi.<\/p>\n<p>M\u00dcZAKERELERDE DER\u0130N AYRILIK<\/p>\n<p>\u0130ran y\u00f6netiminde, ABD ile y\u00fcr\u00fct\u00fclen g\u00f6r\u00fc\u015fmelerde izlenecek strateji konusunda ciddi g\u00f6r\u00fc\u015f ayr\u0131l\u0131klar\u0131 ya\u015fand\u0131\u011f\u0131 da iddialar aras\u0131nda yer ald\u0131.<\/p>\n<p>N\u00dcKLEER PROGRAM TARTI\u015eMASI<\/p>\n<p>S\u00f6z konusu ayr\u0131l\u0131klar\u0131n, Tahran\u2019\u0131n n\u00fckleer program\u0131n\u0131n m\u00fczakerelerin par\u00e7as\u0131 olup olmamas\u0131 konusunda yo\u011funla\u015ft\u0131\u011f\u0131 ifade edildi.<\/p>\n<p>Yurtd\u0131\u015f\u0131nda ya\u015fanan en son olaylar, d\u00fcnya&#8230;<\/p>\n","protected":false},"excerpt":{"rendered":"<p>\u0130ran\u2019da Cumhurba\u015fkan\u0131 Peze\u015fkiyan ve Meclis Ba\u015fkan\u0131 Galibaf\u2019\u0131n, D\u0131\u015fi\u015fleri Bakan\u0131 Abbas Erak\u00e7i\u2019nin g\u00f6revden al\u0131nmas\u0131n\u0131 istedi\u011fi \u00f6ne s\u00fcr\u00fcld\u00fc. \u0130ddialar, ABD ile&#8230;<\/p>\n","protected":false},"author":2,"featured_media":31260,"comment_status":"open","ping_status":"open","sticky":false,"template":"","format":"standard","meta":{"footnotes":""},"categories":[6,5],"tags":[],"class_list":["post-31261","post","type-post","status-publish","format-standard","has-post-thumbnail","hentry","category-gundem","category-son-dakika"],"_links":{"self":[{"href":"https:\/\/eskigazeteci.com\/index.php?rest_route=\/wp\/v2\/posts\/31261","targetHints":{"allow":["GET"]}}],"collection":[{"href":"https:\/\/eskigazeteci.com\/index.php?rest_route=\/wp\/v2\/posts"}],"about":[{"href":"https:\/\/eskigazeteci.com\/index.php?rest_route=\/wp\/v2\/types\/post"}],"author":[{"embeddable":true,"href":"https:\/\/eskigazeteci.com\/index.php?rest_route=\/wp\/v2\/users\/2"}],"replies":[{"embeddable":true,"href":"https:\/\/eskigazeteci.com\/index.php?rest_route=%2Fwp%2Fv2%2Fcomments&post=31261"}],"version-history":[{"count":0,"href":"https:\/\/eskigazeteci.com\/index.php?rest_route=\/wp\/v2\/posts\/31261\/revisions"}],"wp:featuredmedia":[{"embeddable":true,"href":"https:\/\/eskigazeteci.com\/index.php?rest_route=\/wp\/v2\/media\/31260"}],"wp:attachment":[{"href":"https:\/\/eskigazeteci.com\/index.php?rest_route=%2Fwp%2Fv2%2Fmedia&parent=31261"}],"wp:term":[{"taxonomy":"category","embeddable":true,"href":"https:\/\/eskigazeteci.com\/index.php?rest_route=%2Fwp%2Fv2%2Fcategories&post=31261"},{"taxonomy":"post_tag","embeddable":true,"href":"https:\/\/eskigazeteci.com\/index.php?rest_route=%2Fwp%2Fv2%2Ftags&post=31261"}],"curies":[{"name":"wp","href":"https:\/\/api.w.org\/{rel}","templated":true}]}}