{"id":31259,"date":"2026-05-01T07:35:48","date_gmt":"2026-05-01T07:35:48","guid":{"rendered":"https:\/\/eskigazeteci.com\/?p=31259"},"modified":"2026-05-01T07:35:48","modified_gmt":"2026-05-01T07:35:48","slug":"rizespor-4","status":"publish","type":"post","link":"https:\/\/eskigazeteci.com\/?p=31259","title":{"rendered":"Rizespor"},"content":{"rendered":"<p>S\u00fcper Lig heyecan\u0131 t\u00fcm h\u0131z\u0131yla devam ederken, 32. haftan\u0131n a\u00e7\u0131l\u0131\u015f m\u00fcsabakalar\u0131ndan biri olan \u00c7aykur Rizespor &#8211; T\u00fcmosan Konyaspor ma\u00e7 1 May\u0131s 2026 Cuma g\u00fcn\u00fc oynanacak. S\u00fcper Lig\u2019de Rizespor bug\u00fcne kadar oynad\u0131\u011f\u0131 31 ma\u00e7ta 37 puanla 9. s\u0131rada bulunurken Konyaspor ise 40 puanla 8. s\u0131rada yer al\u0131yor. Peki, Rizespor &#8211; Konyaspor ma\u00e7\u0131 ne zaman, hangi kanalda, saat ka\u00e7ta?<\/p>\n<p>S\u00fcper Lig\u2019de 32. haftan\u0131n a\u00e7\u0131l\u0131\u015f kar\u015f\u0131la\u015fmas\u0131nda Rizespor bug\u00fcn evinde Konyaspor\u2019u a\u011f\u0131rl\u0131yor. Hakem \u00d6mer Faruk Turtay\u2019\u0131n y\u00f6netece\u011fi bu zorlu m\u00fccadele, saat 17:00&#x27;de ba\u015flayacak. Futbolseverler bu kar\u015f\u0131la\u015fmay\u0131 beIN SPORTS 1 kanal\u0131ndan canl\u0131 ve \u015fifreli olarak takip edebilecekler.<\/p>\n<p>T\u00fcrkiye&#x27;den ve D\u00fcnya\u2019dan son dakika haberleri, k\u00f6\u015fe yaz\u0131lar\u0131, magazinden siyasete, spordan seyahate b\u00fct\u00fcn konular\u0131n tek adresi Hurriyet.com.tr haber i\u00e7erikleri izin al\u0131nmadan, kaynak g\u00f6sterilerek dahi iktibas edilemez. Kanuna ayk\u0131r\u0131 ve izinsiz olarak kopyalanamaz, ba\u015fka yerde yay\u0131nlanamaz.<\/p>\n","protected":false},"excerpt":{"rendered":"<p>Trendyol S\u00fcper Lig\u2019in 32. haftas\u0131 bug\u00fcn oynanacak kar\u015f\u0131la\u015fmalarla ba\u015fl\u0131yor. Karadeniz temsilcisi \u00c7aykur Rizespor, kendi sahas\u0131nda T\u00fcmosan Konyaspor\u2019u&#8230;<\/p>\n","protected":false},"author":2,"featured_media":31258,"comment_status":"open","ping_status":"open","sticky":false,"template":"","format":"standard","meta":{"footnotes":""},"categories":[5,7],"tags":[],"class_list":["post-31259","post","type-post","status-publish","format-standard","has-post-thumbnail","hentry","category-son-dakika","category-spor"],"_links":{"self":[{"href":"https:\/\/eskigazeteci.com\/index.php?rest_route=\/wp\/v2\/posts\/31259","targetHints":{"allow":["GET"]}}],"collection":[{"href":"https:\/\/eskigazeteci.com\/index.php?rest_route=\/wp\/v2\/posts"}],"about":[{"href":"https:\/\/eskigazeteci.com\/index.php?rest_route=\/wp\/v2\/types\/post"}],"author":[{"embeddable":true,"href":"https:\/\/eskigazeteci.com\/index.php?rest_route=\/wp\/v2\/users\/2"}],"replies":[{"embeddable":true,"href":"https:\/\/eskigazeteci.com\/index.php?rest_route=%2Fwp%2Fv2%2Fcomments&post=31259"}],"version-history":[{"count":0,"href":"https:\/\/eskigazeteci.com\/index.php?rest_route=\/wp\/v2\/posts\/31259\/revisions"}],"wp:featuredmedia":[{"embeddable":true,"href":"https:\/\/eskigazeteci.com\/index.php?rest_route=\/wp\/v2\/media\/31258"}],"wp:attachment":[{"href":"https:\/\/eskigazeteci.com\/index.php?rest_route=%2Fwp%2Fv2%2Fmedia&parent=31259"}],"wp:term":[{"taxonomy":"category","embeddable":true,"href":"https:\/\/eskigazeteci.com\/index.php?rest_route=%2Fwp%2Fv2%2Fcategories&post=31259"},{"taxonomy":"post_tag","embeddable":true,"href":"https:\/\/eskigazeteci.com\/index.php?rest_route=%2Fwp%2Fv2%2Ftags&post=31259"}],"curies":[{"name":"wp","href":"https:\/\/api.w.org\/{rel}","templated":true}]}}