{"id":31257,"date":"2026-05-01T07:28:50","date_gmt":"2026-05-01T07:28:50","guid":{"rendered":"https:\/\/eskigazeteci.com\/?p=31257"},"modified":"2026-05-01T07:28:50","modified_gmt":"2026-05-01T07:28:50","slug":"diyarbakirda-yakinin-olum-haberini-alinca-hastanede-tabancayla-ates-acti-gozaltina-alindi","status":"publish","type":"post","link":"https:\/\/eskigazeteci.com\/?p=31257","title":{"rendered":"Diyarbak\u0131r&#8217;da yak\u0131n\u0131n \u00f6l\u00fcm haberini al\u0131nca hastanede tabancayla ate\u015f a\u00e7t\u0131, g\u00f6zalt\u0131na al\u0131nd\u0131"},"content":{"rendered":"<p>Olay, d\u00fcn gece saatlerinde Kayap\u0131nar il\u00e7esindeki Gazi Ya\u015fargil E\u011fitim ve Ara\u015ft\u0131rma Hastanesi\u2019nin 3\u2019\u00fcnc\u00fc kat\u0131ndaki ameliyathane \u00f6n\u00fcnde meydana geldi. Yo\u011fun bak\u0131mda tedavi g\u00f6ren 83 ya\u015f\u0131ndaki \u015eerife Tun\u00e7 hayat\u0131n\u0131 kaybetti.<\/p>\n<p>HASTANEYE G\u0130REREK DUVARLARA ATE\u015e A\u00c7TI<\/p>\n<p>\u00d6l\u00fcm haberini alan yak\u0131nlar\u0131ndan \u00d6.T., yan\u0131nda getirdi\u011fi tabancayla hastaneye girerek 3\u2019\u00fcnc\u00fc kata \u00e7\u0131kt\u0131. \u00d6.T., burada duvarlara do\u011fru ate\u015f etti.<\/p>\n<p>Olayda kimse yaralanmazken, \u015f\u00fcpheli \u00d6.T., polis taraf\u0131ndan g\u00f6zalt\u0131na al\u0131nd\u0131.<\/p>\n<p>\u00d6.T.\u2019nin i\u015flemleri s\u00fcrerken, olaya ili\u015fkin inceleme ba\u015flat\u0131ld\u0131.<\/p>\n<p>T\u00fcrkiye g\u00fcndeminden son dakika haberleri, bug\u00fcn ya\u015fanan en son geli\u015fmeler, siyaset g\u00fcndeminden g\u00fcncel haberler ve b\u00fct\u00fcn son dakika haberleri i\u00e7in H\u00fcrriyet&#x27;in internet haber sitesi hurriyet.com.tr; Hurriyet.com.tr haber i\u00e7erikleri kaynak g\u00f6sterilmeden al\u0131nt\u0131 yap\u0131lamaz, Kanuna ayk\u0131r\u0131 ve izinsiz olarak kopyalanamaz, ba\u015fka yerde yay\u0131nlanamaz.<\/p>\n","protected":false},"excerpt":{"rendered":"<p>Diyarbak\u0131r\u2019\u0131n Kayap\u0131nar il\u00e7esinde yo\u011fun bak\u0131mda tedavi g\u00f6ren 83 ya\u015f\u0131ndaki \u015eerife Tun\u00e7\u2019un hayat\u0131n\u0131 kaybetmesinin ard\u0131ndan yak\u0131n\u0131 \u00d6.T., hastane i\u00e7inde&#8230;<\/p>\n","protected":false},"author":2,"featured_media":31256,"comment_status":"open","ping_status":"open","sticky":false,"template":"","format":"standard","meta":{"footnotes":""},"categories":[6,5],"tags":[],"class_list":["post-31257","post","type-post","status-publish","format-standard","has-post-thumbnail","hentry","category-gundem","category-son-dakika"],"_links":{"self":[{"href":"https:\/\/eskigazeteci.com\/index.php?rest_route=\/wp\/v2\/posts\/31257","targetHints":{"allow":["GET"]}}],"collection":[{"href":"https:\/\/eskigazeteci.com\/index.php?rest_route=\/wp\/v2\/posts"}],"about":[{"href":"https:\/\/eskigazeteci.com\/index.php?rest_route=\/wp\/v2\/types\/post"}],"author":[{"embeddable":true,"href":"https:\/\/eskigazeteci.com\/index.php?rest_route=\/wp\/v2\/users\/2"}],"replies":[{"embeddable":true,"href":"https:\/\/eskigazeteci.com\/index.php?rest_route=%2Fwp%2Fv2%2Fcomments&post=31257"}],"version-history":[{"count":0,"href":"https:\/\/eskigazeteci.com\/index.php?rest_route=\/wp\/v2\/posts\/31257\/revisions"}],"wp:featuredmedia":[{"embeddable":true,"href":"https:\/\/eskigazeteci.com\/index.php?rest_route=\/wp\/v2\/media\/31256"}],"wp:attachment":[{"href":"https:\/\/eskigazeteci.com\/index.php?rest_route=%2Fwp%2Fv2%2Fmedia&parent=31257"}],"wp:term":[{"taxonomy":"category","embeddable":true,"href":"https:\/\/eskigazeteci.com\/index.php?rest_route=%2Fwp%2Fv2%2Fcategories&post=31257"},{"taxonomy":"post_tag","embeddable":true,"href":"https:\/\/eskigazeteci.com\/index.php?rest_route=%2Fwp%2Fv2%2Ftags&post=31257"}],"curies":[{"name":"wp","href":"https:\/\/api.w.org\/{rel}","templated":true}]}}