{"id":31255,"date":"2026-05-01T07:27:18","date_gmt":"2026-05-01T07:27:18","guid":{"rendered":"https:\/\/eskigazeteci.com\/?p=31255"},"modified":"2026-05-01T07:27:18","modified_gmt":"2026-05-01T07:27:18","slug":"turkiyenin-gundemine-oturmustu","status":"publish","type":"post","link":"https:\/\/eskigazeteci.com\/?p=31255","title":{"rendered":"T\u00fcrkiye&#8217;nin g\u00fcndemine oturmu\u015ftu"},"content":{"rendered":"<p>T\u00fcrk anne ve Alman babadan d\u00fcnyaya gelen Umut K., do\u011fup b\u00fcy\u00fcd\u00fc\u011f\u00fc Almanya\u2019da tan\u0131\u015ft\u0131\u011f\u0131 Rebecca S. ile birlikte ya\u015famaya ba\u015flad\u0131. \u00c7iftin 2018 y\u0131l\u0131nda &#x27;Nazar&#x27; ismini verdikleri o\u011flu d\u00fcnyaya geldi. Umut K., bir y\u0131l sonra Alman sevgilisi ile birlikte babas\u0131ndan ayr\u0131ld\u0131ktan sonra yeniden evlenen annesi Hanife S.&#x27;yi (60) ziyaret etmek i\u00e7in Bursa\u2019n\u0131n Mustafakemalpa\u015fa il\u00e7esine geldi.<\/p>\n<p>Almanya\u2019da \u2018uyu\u015fturucu ticareti\u2019 su\u00e7undan hakk\u0131nda yakalama karar\u0131 \u00e7\u0131kar\u0131ld\u0131\u011f\u0131 i\u00e7in geri d\u00f6nmek istemeyen Umut K., sevgilisinin de o\u011flunu al\u0131p, d\u00f6nmesine izin vermedi. Umut K., T\u00fcrkiye\u2019de kalmak istemeyen Rebecca S.\u2019ye, 1 ya\u015f\u0131ndaki o\u011flu Nazar S.\u2019nin kayboldu\u011funu s\u00f6yleyerek ka\u00e7\u0131rd\u0131. Rebecca S., polise gidip \u015fikayette bulunduktan sonra \u00fclkesine geri d\u00f6nerken, olaya ili\u015fkin soru\u015fturma ba\u015flat\u0131ld\u0131.<\/p>\n<p>6 K\u0130\u015e\u0130L\u0130K \u00d6ZEL EK\u0130P TARAFINDAN 7 YIL SONRA BULUNDU<\/p>\n<p>Umut K., 2 y\u0131l \u00f6nce ge\u00e7irdi\u011fi kalp krizi sonucu hayat\u0131n\u0131 kaybederken, Mustafakemalpa\u015fa Cumhuriyet Ba\u015fsavc\u0131l\u0131\u011f\u0131 taraf\u0131ndan kay\u0131p \u00e7ocu\u011fun bulunmas\u0131na y\u00f6nelik soru\u015fturma ba\u015flatt\u0131. Ba\u015fsavc\u0131 Yusuf Canik\u2019in y\u00fcr\u00fctt\u00fc\u011f\u00fc soru\u015fturma kapsam\u0131nda, Bursa \u0130l Emniyet M\u00fcd\u00fcr\u00fc Kadir G\u00f6kce&#x27;nin talimat\u0131yla, Asayi\u015f \u015eube M\u00fcd\u00fcrl\u00fc\u011f\u00fc&#x27;ne ba\u011fl\u0131 Gasp B\u00fcro, Cinayet B\u00fcro ve Kay\u0131p \u015eah\u0131slar B\u00fcro&#8230;<\/p>\n","protected":false},"excerpt":{"rendered":"<p>Bursa&#8217;da babas\u0131 Umut K. (33) taraf\u0131ndan ka\u00e7\u0131r\u0131ld\u0131ktan sonra 7 y\u0131l tutuldu\u011fu harabe evden polisin operasyonuyla kurtar\u0131lan ve velayeti DNA testiyle annesi&#8230;<\/p>\n","protected":false},"author":2,"featured_media":31254,"comment_status":"open","ping_status":"open","sticky":false,"template":"","format":"standard","meta":{"footnotes":""},"categories":[6,5],"tags":[],"class_list":["post-31255","post","type-post","status-publish","format-standard","has-post-thumbnail","hentry","category-gundem","category-son-dakika"],"_links":{"self":[{"href":"https:\/\/eskigazeteci.com\/index.php?rest_route=\/wp\/v2\/posts\/31255","targetHints":{"allow":["GET"]}}],"collection":[{"href":"https:\/\/eskigazeteci.com\/index.php?rest_route=\/wp\/v2\/posts"}],"about":[{"href":"https:\/\/eskigazeteci.com\/index.php?rest_route=\/wp\/v2\/types\/post"}],"author":[{"embeddable":true,"href":"https:\/\/eskigazeteci.com\/index.php?rest_route=\/wp\/v2\/users\/2"}],"replies":[{"embeddable":true,"href":"https:\/\/eskigazeteci.com\/index.php?rest_route=%2Fwp%2Fv2%2Fcomments&post=31255"}],"version-history":[{"count":0,"href":"https:\/\/eskigazeteci.com\/index.php?rest_route=\/wp\/v2\/posts\/31255\/revisions"}],"wp:featuredmedia":[{"embeddable":true,"href":"https:\/\/eskigazeteci.com\/index.php?rest_route=\/wp\/v2\/media\/31254"}],"wp:attachment":[{"href":"https:\/\/eskigazeteci.com\/index.php?rest_route=%2Fwp%2Fv2%2Fmedia&parent=31255"}],"wp:term":[{"taxonomy":"category","embeddable":true,"href":"https:\/\/eskigazeteci.com\/index.php?rest_route=%2Fwp%2Fv2%2Fcategories&post=31255"},{"taxonomy":"post_tag","embeddable":true,"href":"https:\/\/eskigazeteci.com\/index.php?rest_route=%2Fwp%2Fv2%2Ftags&post=31255"}],"curies":[{"name":"wp","href":"https:\/\/api.w.org\/{rel}","templated":true}]}}