{"id":31253,"date":"2026-05-01T07:25:46","date_gmt":"2026-05-01T07:25:46","guid":{"rendered":"https:\/\/eskigazeteci.com\/?p=31253"},"modified":"2026-05-01T07:25:46","modified_gmt":"2026-05-01T07:25:46","slug":"arda-turan-maglubiyet-sonrasi-konustu-oyuncularimi-daha-iyi-uyarmaliydim","status":"publish","type":"post","link":"https:\/\/eskigazeteci.com\/?p=31253","title":{"rendered":"Arda Turan ma\u011flubiyet sonras\u0131 konu\u015ftu: &#8216;Oyuncular\u0131m\u0131 daha iyi uyarmal\u0131yd\u0131m!&#8217;"},"content":{"rendered":"<p>UEFA Konferans Ligi yari finali ilk ma\u00e7\u0131nda Crystal Palace, Arda Turan&#x27;\u0131n teknik direkt\u00f6rl\u00fc\u011f\u00fcn\u00fc yapt\u0131\u011f\u0131 Shakhtar Donetsk&#x27;i 3-1 ma\u011flup etti. Arda Turan, kar\u015f\u0131la\u015fman\u0131n ard\u0131ndan a\u00e7\u0131klamalarda bulundu.<\/p>\n<p>UEFA Avrupa Konferans Ligi yar\u0131 final ilk ma\u00e7\u0131nda Shakhtar Donetsk ile Crystal Palace kar\u015f\u0131 kar\u015f\u0131ya geldi.<\/p>\n<p>Ukrayna&#x27;daki sava\u015f ve hava sahas\u0131n\u0131n kapal\u0131 olmas\u0131 nedeniyle Polonya&#x27;n\u0131n Krakow kentinde oynanan m\u00fccadeleye Crystal Palace golle ba\u015flad\u0131. Hen\u00fcz 22. saniyede Sarr ile \u00f6ne ge\u00e7en \u0130ngilizler Kamada&#x27;n\u0131n 58, Larsen&#x27;in 84. dakikada att\u0131\u011f\u0131 gollerle Shakhtar Donetsk&#x27;\u0130 3-1 ma\u011flup etti.<\/p>\n<p>Shakhtar Donetsk &#x27;in tek gol\u00fc ise 47. dakikada Ocheretko&#x27;dan geldi. Turun r\u00f6van\u015f kar\u015f\u0131la\u015fmas\u0131 7 May\u0131s Per\u015fembe g\u00fcn\u00fc \u0130ngiltere\u2019de oynanacak ve finale \u00e7\u0131kan tak\u0131m belli olacak.<\/p>\n<p>Arda Turan &#x27;\u0131n kar\u015f\u0131la\u015fma sonras\u0131 a\u00e7\u0131klamalar\u0131 \u015fu \u015fekilde oldu:<\/p>\n<p>\u00d6ncelikle oyuncular\u0131ma te\u015fekk\u00fcr etmek istiyorum, \u00e7\u00fcnk\u00fc bug\u00fcn 30 bin taraftar\u0131n \u00f6n\u00fcnde oynad\u0131k; oysa daha \u00f6nce, Avrupa elemelerine ba\u015flad\u0131\u011f\u0131m\u0131zda 2-3 bin ki\u015filik seyirci \u00f6n\u00fcnde sahaya \u00e7\u0131k\u0131yorduk. Bunu ba\u015faranlar benim oyuncular\u0131md\u0131, bu y\u00fczden onlara te\u015fekk\u00fcrler.<\/p>\n<p>Ma\u00e7la ilgili \u015funu s\u00f6ylemek isterim: Uzun toplar ve onlara kar\u015f\u0131 4+1 savunma yap\u0131s\u0131n\u0131 koruma \u00fczerinde \u00e7ok&#8230;<\/p>\n","protected":false},"excerpt":{"rendered":"<p>UEFA Konferans Ligi yari finali ilk ma\u00e7\u0131nda Crystal Palace, Arda Turan&#8217;\u0131n teknik direkt\u00f6rl\u00fc\u011f\u00fcn\u00fc yapt\u0131\u011f\u0131 Shakhtar Donetsk&#8217;i 3-1 ma\u011flup etti. Arda Turan,&#8230;<\/p>\n","protected":false},"author":2,"featured_media":31252,"comment_status":"open","ping_status":"open","sticky":false,"template":"","format":"standard","meta":{"footnotes":""},"categories":[5,7],"tags":[],"class_list":["post-31253","post","type-post","status-publish","format-standard","has-post-thumbnail","hentry","category-son-dakika","category-spor"],"_links":{"self":[{"href":"https:\/\/eskigazeteci.com\/index.php?rest_route=\/wp\/v2\/posts\/31253","targetHints":{"allow":["GET"]}}],"collection":[{"href":"https:\/\/eskigazeteci.com\/index.php?rest_route=\/wp\/v2\/posts"}],"about":[{"href":"https:\/\/eskigazeteci.com\/index.php?rest_route=\/wp\/v2\/types\/post"}],"author":[{"embeddable":true,"href":"https:\/\/eskigazeteci.com\/index.php?rest_route=\/wp\/v2\/users\/2"}],"replies":[{"embeddable":true,"href":"https:\/\/eskigazeteci.com\/index.php?rest_route=%2Fwp%2Fv2%2Fcomments&post=31253"}],"version-history":[{"count":0,"href":"https:\/\/eskigazeteci.com\/index.php?rest_route=\/wp\/v2\/posts\/31253\/revisions"}],"wp:featuredmedia":[{"embeddable":true,"href":"https:\/\/eskigazeteci.com\/index.php?rest_route=\/wp\/v2\/media\/31252"}],"wp:attachment":[{"href":"https:\/\/eskigazeteci.com\/index.php?rest_route=%2Fwp%2Fv2%2Fmedia&parent=31253"}],"wp:term":[{"taxonomy":"category","embeddable":true,"href":"https:\/\/eskigazeteci.com\/index.php?rest_route=%2Fwp%2Fv2%2Fcategories&post=31253"},{"taxonomy":"post_tag","embeddable":true,"href":"https:\/\/eskigazeteci.com\/index.php?rest_route=%2Fwp%2Fv2%2Ftags&post=31253"}],"curies":[{"name":"wp","href":"https:\/\/api.w.org\/{rel}","templated":true}]}}