{"id":31249,"date":"2026-05-01T07:05:42","date_gmt":"2026-05-01T07:05:42","guid":{"rendered":"https:\/\/eskigazeteci.com\/?p=31249"},"modified":"2026-05-01T07:05:42","modified_gmt":"2026-05-01T07:05:42","slug":"fifanin-plani-ters-tepti-tokalasmam","status":"publish","type":"post","link":"https:\/\/eskigazeteci.com\/?p=31249","title":{"rendered":"FIFA&#8217;n\u0131n plan\u0131 ters tepti: Tokala\u015fmam"},"content":{"rendered":"<p>FIFA Ba\u015fkan\u0131 Gianni Infantino\u2019nun, Filistinli ve \u0130srailli delegeleri sahnede tokala\u015ft\u0131rma giri\u015fimi b\u00fcy\u00fck bir krize d\u00f6n\u00fc\u015ft\u00fc. Vancouver\u2019da d\u00fczenlenen 76. FIFA Kongresi\u2019nde ya\u015fanan gerilim, diplomatik s\u0131n\u0131rlar\u0131n spor sahnesine nas\u0131l yans\u0131d\u0131\u011f\u0131n\u0131 bir kez daha g\u00f6zler \u00f6n\u00fcne serdi.<\/p>\n<p>SAHNEDE GER\u0130L\u0130M: TOKALA\u015eMAYI REDDETT\u0130<\/p>\n<p>Infantino, Filistin Futbol Federasyonu Ba\u015fkan\u0131 Cibril Rajoub ile \u0130srail Futbol Federasyonu Ba\u015fkan Yard\u0131mc\u0131s\u0131 Basim Sheikh Suliman\u2019\u0131 sahneye davet ederek bir \u201cbar\u0131\u015f pozu\u201d vermelerini istedi.<\/p>\n<p>Ancak Rajoub, Suliman ile ayn\u0131 karede yer almay\u0131 ve tokala\u015fmay\u0131 reddetti. Bu geli\u015fme kongre salonunda dikkat \u00e7eken bir gerilime yol a\u00e7t\u0131.<\/p>\n<p>\u201cBARI\u015e POZU\u201d PLANI TERS TEPT\u0130<\/p>\n<p>\u0130ngiliz gazetesi The Guardian&#x27;da yer alan habere g\u00f6re, Infantino\u2019nun bu giri\u015fimi, ba\u015fkanl\u0131\u011fa yeniden adayl\u0131\u011f\u0131n\u0131 a\u00e7\u0131klamadan \u00f6nce sembolik bir mesaj vermeyi ama\u00e7l\u0131yordu.<\/p>\n<p>Ancak plan beklenen etkiyi yaratmad\u0131 ve ters tepti.<\/p>\n<p>\u0130NFANTINO GER\u0130 ADIM ATMADI<\/p>\n<p>Ya\u015fanan krizin ard\u0131ndan yeniden sahneye \u00e7\u0131kan Infantino, taraflara \u00e7a\u011fr\u0131da bulundu:<\/p>\n<p>\u201cBa\u015fkan Rajoub, Ba\u015fkan Yard\u0131mc\u0131s\u0131 Suliman, birlikte \u00e7al\u0131\u015faca\u011f\u0131z. \u00c7ocuklara umut vermek i\u00e7in birlikte \u00e7al\u0131\u015fal\u0131m. Bunlar karma\u015f\u0131k meseleler.\u201d<\/p>\n<p>SERT TEPK\u0130: TOKALA\u015eAMAM<\/p>\n<p>Filistin Futbol&#8230;<\/p>\n","protected":false},"excerpt":{"rendered":"<p>FIFA Kongresi\u2019nde Gianni Infantino\u2019nun Filistinli ve \u0130srailli temsilcileri tokala\u015ft\u0131rma giri\u015fimi, sahnede ya\u015fanan retle krize d\u00f6n\u00fc\u015ft\u00fc. Filistin Futbol&#8230;<\/p>\n","protected":false},"author":2,"featured_media":31248,"comment_status":"open","ping_status":"open","sticky":false,"template":"","format":"standard","meta":{"footnotes":""},"categories":[6,5],"tags":[],"class_list":["post-31249","post","type-post","status-publish","format-standard","has-post-thumbnail","hentry","category-gundem","category-son-dakika"],"_links":{"self":[{"href":"https:\/\/eskigazeteci.com\/index.php?rest_route=\/wp\/v2\/posts\/31249","targetHints":{"allow":["GET"]}}],"collection":[{"href":"https:\/\/eskigazeteci.com\/index.php?rest_route=\/wp\/v2\/posts"}],"about":[{"href":"https:\/\/eskigazeteci.com\/index.php?rest_route=\/wp\/v2\/types\/post"}],"author":[{"embeddable":true,"href":"https:\/\/eskigazeteci.com\/index.php?rest_route=\/wp\/v2\/users\/2"}],"replies":[{"embeddable":true,"href":"https:\/\/eskigazeteci.com\/index.php?rest_route=%2Fwp%2Fv2%2Fcomments&post=31249"}],"version-history":[{"count":0,"href":"https:\/\/eskigazeteci.com\/index.php?rest_route=\/wp\/v2\/posts\/31249\/revisions"}],"wp:featuredmedia":[{"embeddable":true,"href":"https:\/\/eskigazeteci.com\/index.php?rest_route=\/wp\/v2\/media\/31248"}],"wp:attachment":[{"href":"https:\/\/eskigazeteci.com\/index.php?rest_route=%2Fwp%2Fv2%2Fmedia&parent=31249"}],"wp:term":[{"taxonomy":"category","embeddable":true,"href":"https:\/\/eskigazeteci.com\/index.php?rest_route=%2Fwp%2Fv2%2Fcategories&post=31249"},{"taxonomy":"post_tag","embeddable":true,"href":"https:\/\/eskigazeteci.com\/index.php?rest_route=%2Fwp%2Fv2%2Ftags&post=31249"}],"curies":[{"name":"wp","href":"https:\/\/api.w.org\/{rel}","templated":true}]}}