{"id":31245,"date":"2026-05-01T06:50:17","date_gmt":"2026-05-01T06:50:17","guid":{"rendered":"https:\/\/eskigazeteci.com\/?p=31245"},"modified":"2026-05-01T06:50:17","modified_gmt":"2026-05-01T06:50:17","slug":"denizlide-igrenc-olay-cocuklari-taciz-eden-bakkal-kamera-kayitlarindan-yakalandi","status":"publish","type":"post","link":"https:\/\/eskigazeteci.com\/?p=31245","title":{"rendered":"Denizli&#8217;de i\u011fren\u00e7 olay! \u00c7ocuklar\u0131 taciz eden bakkal kamera kay\u0131tlar\u0131ndan yakaland\u0131"},"content":{"rendered":"<p>Denizli &#x27;nin \u00c7ivril il\u00e7esinde meydana gelen olayda, bir \u00f6\u011frencinin okulundaki rehber \u00f6\u011fretmeni anlatt\u0131klar\u0131 mide buland\u0131ran olay\u0131 ortaya \u00e7\u0131kard\u0131. Edinilen bilgiye g\u00f6re, okul \u00e7\u0131k\u0131\u015f saatinde al\u0131\u015fveri\u015f yapmak i\u00e7in bakkala giren bir k\u0131z \u00f6\u011frenci, bakkal i\u015fletmecisi G.T. (57) taraf\u0131ndan deponun bulundu\u011fu k\u0131s\u0131mda s\u0131k\u0131\u015ft\u0131r\u0131larak taciz edildi. \u015e\u00fcphelinin kendisine sar\u0131l\u0131p \u00f6pmesinin ard\u0131ndan bakkaldan ka\u00e7arak uzakla\u015fan ma\u011fdur \u00e7ocuk, ya\u015fad\u0131klar\u0131n\u0131 okulundaki rehber \u00f6\u011fretmenine anlatt\u0131. Olay\u0131n ortaya \u00e7\u0131kmas\u0131n\u0131n ard\u0131ndan ayn\u0131 okulda e\u011fitim g\u00f6ren 14 ya\u015flar\u0131ndaki iki k\u0131z \u00f6\u011frenci daha, G.T.&#x27;nin daha \u00f6nce kendilerini belinden tuttu\u011funu ve omzuna kol atmaya \u00e7al\u0131\u015ft\u0131\u011f\u0131n\u0131 s\u00f6yleyerek \u015fikayet\u00e7i oldu.<\/p>\n<p>KAMERA KAYITLARI GER\u00c7E\u011e\u0130 ORTAYA \u00c7IKARDI<\/p>\n<p>\u00d6\u011frencilerin ve ailelerinin \u015fikayeti \u00fczerine jandarma ekipleri h\u0131zla harekete ge\u00e7ti. Olayla ilgili ba\u015flat\u0131lan soru\u015fturma kapsam\u0131nda jandarma taraf\u0131ndan incelenen g\u00fcvenlik kameras\u0131 kay\u0131tlar\u0131, ma\u011fdur \u00e7ocuklar\u0131n beyanlar\u0131n\u0131 destekledi. G\u00f6r\u00fcnt\u00fclerde, ma\u011fdur k\u0131z \u00e7ocu\u011funun bakkal\u0131n depo k\u0131sm\u0131na girdi\u011fi, bu esnada G.T.&#x27;nin de depoda oldu\u011fu, depodan \u00e7\u0131kan \u00e7ocu\u011fun y\u00fcz\u00fcn\u00fc eliyle silerek uzakla\u015fmaya \u00e7al\u0131\u015ft\u0131\u011f\u0131 ve k\u0131sa s\u00fcre sonra bakkaldan ayr\u0131ld\u0131\u011f\u0131 g\u00f6r\u00fcld\u00fc.<\/p>\n<p>Hemen ard\u0131ndan ise&#8230;<\/p>\n","protected":false},"excerpt":{"rendered":"<p>Denizli&#8217;nin \u00c7ivril il\u00e7esinde okul \u00e7\u0131k\u0131\u015f\u0131nda al\u0131\u015fveri\u015fe gelen \u00e7ocu\u011fu taciz eden bakkal i\u015fletmecisi G.T. (57), jandarma taraf\u0131ndan g\u00f6zalt\u0131na al\u0131nd\u0131. Ba\u015fka&#8230;<\/p>\n","protected":false},"author":2,"featured_media":31244,"comment_status":"open","ping_status":"open","sticky":false,"template":"","format":"standard","meta":{"footnotes":""},"categories":[6,5],"tags":[],"class_list":["post-31245","post","type-post","status-publish","format-standard","has-post-thumbnail","hentry","category-gundem","category-son-dakika"],"_links":{"self":[{"href":"https:\/\/eskigazeteci.com\/index.php?rest_route=\/wp\/v2\/posts\/31245","targetHints":{"allow":["GET"]}}],"collection":[{"href":"https:\/\/eskigazeteci.com\/index.php?rest_route=\/wp\/v2\/posts"}],"about":[{"href":"https:\/\/eskigazeteci.com\/index.php?rest_route=\/wp\/v2\/types\/post"}],"author":[{"embeddable":true,"href":"https:\/\/eskigazeteci.com\/index.php?rest_route=\/wp\/v2\/users\/2"}],"replies":[{"embeddable":true,"href":"https:\/\/eskigazeteci.com\/index.php?rest_route=%2Fwp%2Fv2%2Fcomments&post=31245"}],"version-history":[{"count":0,"href":"https:\/\/eskigazeteci.com\/index.php?rest_route=\/wp\/v2\/posts\/31245\/revisions"}],"wp:featuredmedia":[{"embeddable":true,"href":"https:\/\/eskigazeteci.com\/index.php?rest_route=\/wp\/v2\/media\/31244"}],"wp:attachment":[{"href":"https:\/\/eskigazeteci.com\/index.php?rest_route=%2Fwp%2Fv2%2Fmedia&parent=31245"}],"wp:term":[{"taxonomy":"category","embeddable":true,"href":"https:\/\/eskigazeteci.com\/index.php?rest_route=%2Fwp%2Fv2%2Fcategories&post=31245"},{"taxonomy":"post_tag","embeddable":true,"href":"https:\/\/eskigazeteci.com\/index.php?rest_route=%2Fwp%2Fv2%2Ftags&post=31245"}],"curies":[{"name":"wp","href":"https:\/\/api.w.org\/{rel}","templated":true}]}}