{"id":31243,"date":"2026-05-01T06:48:45","date_gmt":"2026-05-01T06:48:45","guid":{"rendered":"https:\/\/eskigazeteci.com\/?p=31243"},"modified":"2026-05-01T06:48:45","modified_gmt":"2026-05-01T06:48:45","slug":"aziz-yildirim-aciklama-yapacak-ali-koc-icin-yeni-iddia","status":"publish","type":"post","link":"https:\/\/eskigazeteci.com\/?p=31243","title":{"rendered":"Aziz Y\u0131ld\u0131r\u0131m a\u00e7\u0131klama yapacak! Ali Ko\u00e7 i\u00e7in yeni iddia"},"content":{"rendered":"<p>Sar\u0131-Lacivertli Y\u00f6netim, 3-0\u2019l\u0131k Galatasaray yenilgisi sonras\u0131 pe\u015f pe\u015fe kritik kararlar ald\u0131. \u0130lk olarak teknik direkt\u00f6r Domenico Tedesco ve sportif direkt\u00f6r Devin \u00d6zek\u2019in g\u00f6revlerine son verildi. Ard\u0131ndan 6-7 Haziran tarihlerinde ola\u011fan\u00fcst\u00fc se\u00e7imli genel kurul yap\u0131laca\u011f\u0131 a\u00e7\u0131kland\u0131.<\/p>\n<p>Ba\u015fkan Sadettin Saran, kongrede yar\u0131\u015fmayacak. Son 5 y\u0131ldaki 4. se\u00e7im \u00f6ncesi adayl\u0131klar\u0131n\u0131 a\u00e7\u0131klayan isimler Mehmet Ali Ayd\u0131nlar, Hakan Safi ve Bar\u0131\u015f G\u00f6kt\u00fcrk oldu. Kongre s\u00fcrecine girilirken t\u00fcm g\u00f6zler Aziz Y\u0131ld\u0131r\u0131m\u2019a \u00e7evrildi. Efsane ba\u015fkanla ilgili olarak bir\u00e7ok iddia ortaya at\u0131ld\u0131.<\/p>\n<p>\u2018\u00c7ocuklar\u0131n a\u011flamas\u0131n\u0131 \u00f6nlemek i\u00e7in&#8230;\u2019<\/p>\n<p>Aziz Y\u0131ld\u0131r\u0131m&#x27;\u0131n yapt\u0131\u011f\u0131 a\u00e7\u0131klama \u201cHer \u015fey berrakla\u015fs\u0131n, kim aday kim de\u011fil, herkesi bir g\u00f6relim. Her \u015fey durulsun, a\u00e7\u0131klama yapaca\u011f\u0131m. Benim illa ba\u015fkan olma derdim yok ama Fenerbah\u00e7e \u2019ye katk\u0131 sa\u011flayabilirsek ve hep beraber \u00e7ocuklar\u0131n a\u011flams\u0131n\u0131 \u00f6nleyebilecek bir olu\u015fum olursa o zaman bakar\u0131z. \u00d6n\u00fcm\u00fczdeki g\u00fcnlerde a\u00e7\u0131klamam\u0131 yapaca\u011f\u0131m. Kamuoyunda baz\u0131 ba\u015fkan adaylar\u0131yla g\u00f6r\u00fc\u015ft\u00fc\u011f\u00fcm s\u00f6yleniyor, kimseyle g\u00f6r\u00fc\u015fmedim\u201d dedi.<\/p>\n<p>Ali Ko\u00e7&#x27;tan adayl\u0131k yan\u0131t\u0131<\/p>\n<p>Camiada, Aziz Y\u0131ld\u0131r\u0131m\u2019\u0131n aday olmas\u0131 halinde Ali Ko\u00e7 \u2019un da yar\u0131\u015fa girece\u011fi iddialar\u0131 var. Bir ba\u015fka spek\u00fclasyon ise, Ko\u00e7\u2019un yar\u0131\u015fa&#8230;<\/p>\n","protected":false},"excerpt":{"rendered":"<p>Fenerbah\u00e7e&#8217;de g\u00f6zler 6-7 Haziran&#8217;da yap\u0131lacak tarihi ba\u015fkanl\u0131k se\u00e7imine \u00e7evrildi. Sar\u0131 lacivertlilerde Azil Y\u0131ld\u0131r\u0131m ve Ali Ko\u00e7&#8217;a dair yeni iddialar g\u00fcndeme&#8230;<\/p>\n","protected":false},"author":2,"featured_media":31242,"comment_status":"open","ping_status":"open","sticky":false,"template":"","format":"standard","meta":{"footnotes":""},"categories":[5,7],"tags":[],"class_list":["post-31243","post","type-post","status-publish","format-standard","has-post-thumbnail","hentry","category-son-dakika","category-spor"],"_links":{"self":[{"href":"https:\/\/eskigazeteci.com\/index.php?rest_route=\/wp\/v2\/posts\/31243","targetHints":{"allow":["GET"]}}],"collection":[{"href":"https:\/\/eskigazeteci.com\/index.php?rest_route=\/wp\/v2\/posts"}],"about":[{"href":"https:\/\/eskigazeteci.com\/index.php?rest_route=\/wp\/v2\/types\/post"}],"author":[{"embeddable":true,"href":"https:\/\/eskigazeteci.com\/index.php?rest_route=\/wp\/v2\/users\/2"}],"replies":[{"embeddable":true,"href":"https:\/\/eskigazeteci.com\/index.php?rest_route=%2Fwp%2Fv2%2Fcomments&post=31243"}],"version-history":[{"count":0,"href":"https:\/\/eskigazeteci.com\/index.php?rest_route=\/wp\/v2\/posts\/31243\/revisions"}],"wp:featuredmedia":[{"embeddable":true,"href":"https:\/\/eskigazeteci.com\/index.php?rest_route=\/wp\/v2\/media\/31242"}],"wp:attachment":[{"href":"https:\/\/eskigazeteci.com\/index.php?rest_route=%2Fwp%2Fv2%2Fmedia&parent=31243"}],"wp:term":[{"taxonomy":"category","embeddable":true,"href":"https:\/\/eskigazeteci.com\/index.php?rest_route=%2Fwp%2Fv2%2Fcategories&post=31243"},{"taxonomy":"post_tag","embeddable":true,"href":"https:\/\/eskigazeteci.com\/index.php?rest_route=%2Fwp%2Fv2%2Ftags&post=31243"}],"curies":[{"name":"wp","href":"https:\/\/api.w.org\/{rel}","templated":true}]}}