{"id":31241,"date":"2026-05-01T06:47:13","date_gmt":"2026-05-01T06:47:13","guid":{"rendered":"https:\/\/eskigazeteci.com\/?p=31241"},"modified":"2026-05-01T06:47:13","modified_gmt":"2026-05-01T06:47:13","slug":"ragga-oktay-atanin-rolu-ilk-bana-teklif-edildi","status":"publish","type":"post","link":"https:\/\/eskigazeteci.com\/?p=31241","title":{"rendered":"Ragga Oktay: Ata&#8217;n\u0131n rol\u00fc ilk bana teklif edildi"},"content":{"rendered":"<p>TRANSFER \u0130\u00c7\u0130N GELD\u0130M, \u015eARKICI OLDUM<\/p>\n<p>M\u00dcZ\u0130K d\u00fcnyas\u0131n\u0131n kendine has tarz\u0131yla 90\u2019lara damga vuran ismi Ragga Oktay, Cemre Onayl\u0131\u2019n\u0131n haz\u0131rlay\u0131p sundu\u011fu \u201cCemre ile TBT\u201d program\u0131na konuk oldu. Oktay, sanat hayat\u0131ndan gen\u00e7lik y\u0131llar\u0131na, m\u00fczik kariyerinin d\u00f6n\u00fcm noktalar\u0131ndan televizyon d\u00fcnyas\u0131na uzanan yolculu\u011funa dair samimi a\u00e7\u0131klamalarda bulundu.<\/p>\n<p>Hollanda\u2019da 15 y\u0131l futbol oynayan Ragga Oktay, T\u00fcrkiye\u2019ye geli\u015f hik\u00e2yesini payla\u015ft\u0131: \u201cHollanda\u2019da \u00e7ok iyi futbol oynuyordum. Galatasaray i\u00e7in \u00e7a\u011f\u0131rd\u0131lar ama se\u00e7melerde \u00e7ok k\u00f6t\u00fc oynad\u0131m. Se\u00e7ilemedim. Tam Hollanda\u2019ya d\u00f6nmek \u00fczereyken yolum Unkapan\u0131\u2019na d\u00fc\u015ft\u00fc ve hayat\u0131m de\u011fi\u015fti. Futbolcu olamad\u0131m ama \u015fark\u0131c\u0131 oldum.\u201d<\/p>\n<p>\u0130S\u0130M BABAM EROL K\u00d6SE \u0130stanbul\u2019a geldikten sonra m\u00fczik \u00e7al\u0131\u015fmalar\u0131na h\u0131z verdi\u011fini belirten Ragga Oktay, isim babas\u0131n\u0131n ise ge\u00e7ti\u011fimiz aylarda hayat\u0131n\u0131 kaybeden \u00fcnl\u00fc prod\u00fckt\u00f6r Erol K\u00f6se oldu\u011funu s\u00f6yledi:<\/p>\n<p>\u201c\u0130stanbul\u2019a geldi\u011fimde m\u00fczik \u00e7al\u0131\u015fmalar\u0131m h\u0131zland\u0131. Menajerli\u011fimi Erol K\u00f6se yap\u0131yordu. \u2018\u0130smin ne olsun?\u2019 diye sordular. Bana Hollanda\u2019da \u2018Ragga\u2019 diyorlard\u0131. Erol K\u00f6se de \u2018\u0130smin Ragga Oktay olsun\u2019 dedi. \u0130sim babam Erol K\u00f6se.\u201d<\/p>\n<p>M\u00fczik sekt\u00f6r\u00fcndeki zorluklara da de\u011finen Oktay, \u201cGer\u00e7ek sanat\u00e7\u0131n\u0131n \u00fcretmesi i\u00e7in bazen ortadan kaybolmas\u0131&#8230;<\/p>\n","protected":false},"excerpt":{"rendered":"<p>Ragga Oktay, T\u00fcrkiye\u2019ye futbolcu olmak i\u00e7in geldi\u011fini s\u00f6yledi. \u00dcnl\u00fc \u015fark\u0131c\u0131 \u201cHollanda\u2019da \u00e7ok iyi futbol oynuyordum. Galatasaray i\u00e7in \u00e7a\u011f\u0131rd\u0131lar ama&#8230;<\/p>\n","protected":false},"author":2,"featured_media":31240,"comment_status":"open","ping_status":"open","sticky":false,"template":"","format":"standard","meta":{"footnotes":""},"categories":[6,5],"tags":[],"class_list":["post-31241","post","type-post","status-publish","format-standard","has-post-thumbnail","hentry","category-gundem","category-son-dakika"],"_links":{"self":[{"href":"https:\/\/eskigazeteci.com\/index.php?rest_route=\/wp\/v2\/posts\/31241","targetHints":{"allow":["GET"]}}],"collection":[{"href":"https:\/\/eskigazeteci.com\/index.php?rest_route=\/wp\/v2\/posts"}],"about":[{"href":"https:\/\/eskigazeteci.com\/index.php?rest_route=\/wp\/v2\/types\/post"}],"author":[{"embeddable":true,"href":"https:\/\/eskigazeteci.com\/index.php?rest_route=\/wp\/v2\/users\/2"}],"replies":[{"embeddable":true,"href":"https:\/\/eskigazeteci.com\/index.php?rest_route=%2Fwp%2Fv2%2Fcomments&post=31241"}],"version-history":[{"count":0,"href":"https:\/\/eskigazeteci.com\/index.php?rest_route=\/wp\/v2\/posts\/31241\/revisions"}],"wp:featuredmedia":[{"embeddable":true,"href":"https:\/\/eskigazeteci.com\/index.php?rest_route=\/wp\/v2\/media\/31240"}],"wp:attachment":[{"href":"https:\/\/eskigazeteci.com\/index.php?rest_route=%2Fwp%2Fv2%2Fmedia&parent=31241"}],"wp:term":[{"taxonomy":"category","embeddable":true,"href":"https:\/\/eskigazeteci.com\/index.php?rest_route=%2Fwp%2Fv2%2Fcategories&post=31241"},{"taxonomy":"post_tag","embeddable":true,"href":"https:\/\/eskigazeteci.com\/index.php?rest_route=%2Fwp%2Fv2%2Ftags&post=31241"}],"curies":[{"name":"wp","href":"https:\/\/api.w.org\/{rel}","templated":true}]}}