{"id":31239,"date":"2026-05-01T06:45:42","date_gmt":"2026-05-01T06:45:42","guid":{"rendered":"https:\/\/eskigazeteci.com\/?p=31239"},"modified":"2026-05-01T06:45:42","modified_gmt":"2026-05-01T06:45:42","slug":"bugun-1-mayis-hastaneler-saglik-ocagi-acik-mi-kapali-mi-1-mayis-cuma-gunu-saglik-ocagi-hastaneler-kapali-mi","status":"publish","type":"post","link":"https:\/\/eskigazeteci.com\/?p=31239","title":{"rendered":"Bug\u00fcn (1 May\u0131s) Hastaneler, Sa\u011fl\u0131k Oca\u011f\u0131 a\u00e7\u0131k m\u0131, kapal\u0131 m\u0131? 1 May\u0131s Cuma g\u00fcn\u00fc Sa\u011fl\u0131k Oca\u011f\u0131, Hastaneler kapal\u0131 m\u0131?"},"content":{"rendered":"<p>1 May\u0131s&#x27;ta hastaneler, sa\u011fl\u0131k oca\u011f\u0131 \u00e7al\u0131\u015f\u0131yor mu sorusu, sa\u011fl\u0131k problemleri nedeniyle bu kurumlarda i\u015fi olan vatanda\u015flar taraf\u0131ndan sorgulanmaya ba\u015flad\u0131. 1 May\u0131s nedeniyle \u00fclke genelinde tatil ilan edilen kurumlar aras\u0131nda hastaneler ve sa\u011fl\u0131k oca\u011f\u0131 olup olmad\u0131\u011f\u0131n\u0131 merak eden vatanda\u015flar, konuyla ilgili detayl\u0131 bilgi elde etmek istedi. Peki, 1 May\u0131s&#x27;ta sa\u011fl\u0131k oca\u011f\u0131 ve hastaneler \u00e7al\u0131\u015f\u0131yor mu? \u0130\u015fte, detayl\u0131 bilgiler<\/p>\n<p>1 May\u0131s&#x27;ta hastanelerin hizmet verip vermedi\u011fini \u00f6\u011frenmek isteyen vatanda\u015flar, konuyla ilgili ara\u015ft\u0131rmalar\u0131n\u0131 ger\u00e7ekle\u015ftirdi. \u00d6zel hastanelerdeki durumlar bilinmemekle birlikte, devlet hastanelerindeki polikliniklerin kapal\u0131 olma durumuyla kar\u015f\u0131la\u015f\u0131labilir. Bu durum hastane y\u00f6netiminin ald\u0131\u011f\u0131 karara g\u00f6re de\u011fi\u015fiklik g\u00f6sterebilir. Konuyla ilgili detayl\u0131 bilgi almak i\u00e7in hastanelerin santralinden detayl\u0131 bilgi sahibi olunabilir. 1 May\u0131s Cuma g\u00fcn\u00fc hastanelerin acil servisi a\u00e7\u0131k olacakt\u0131r.<\/p>\n<p>1 May\u0131s&#x27;\u0131n resmi tatil olmas\u0131 sebebiyle sa\u011fl\u0131k ocaklar\u0131ndaki \u00e7al\u0131\u015fma durumunu ara\u015ft\u0131ran vatanda\u015flar, konuyla ilgili bilgi elde etmek istedi. Sa\u011fl\u0131k ocaklar\u0131, resmi tatillerde hizmet vermemektedir.<\/p>\n<p>T\u00fcrkiye&#x27;den ve D\u00fcnya\u2019dan son dakika haberleri, k\u00f6\u015fe yaz\u0131lar\u0131, magazinden siyasete, spordan&#8230;<\/p>\n","protected":false},"excerpt":{"rendered":"<p>Bug\u00fcn yani 1 May\u0131s&#8217;ta hastanelerin ve sa\u011fl\u0131k ocaklar\u0131n\u0131n a\u00e7\u0131k veya kapal\u0131 olup olmamas\u0131 resmi tatil kapsam\u0131nda merak ediyor. 1 May\u0131s Cuma hastaneler, sa\u011fl\u0131k&#8230;<\/p>\n","protected":false},"author":2,"featured_media":31238,"comment_status":"open","ping_status":"open","sticky":false,"template":"","format":"standard","meta":{"footnotes":""},"categories":[6,5],"tags":[],"class_list":["post-31239","post","type-post","status-publish","format-standard","has-post-thumbnail","hentry","category-gundem","category-son-dakika"],"_links":{"self":[{"href":"https:\/\/eskigazeteci.com\/index.php?rest_route=\/wp\/v2\/posts\/31239","targetHints":{"allow":["GET"]}}],"collection":[{"href":"https:\/\/eskigazeteci.com\/index.php?rest_route=\/wp\/v2\/posts"}],"about":[{"href":"https:\/\/eskigazeteci.com\/index.php?rest_route=\/wp\/v2\/types\/post"}],"author":[{"embeddable":true,"href":"https:\/\/eskigazeteci.com\/index.php?rest_route=\/wp\/v2\/users\/2"}],"replies":[{"embeddable":true,"href":"https:\/\/eskigazeteci.com\/index.php?rest_route=%2Fwp%2Fv2%2Fcomments&post=31239"}],"version-history":[{"count":0,"href":"https:\/\/eskigazeteci.com\/index.php?rest_route=\/wp\/v2\/posts\/31239\/revisions"}],"wp:featuredmedia":[{"embeddable":true,"href":"https:\/\/eskigazeteci.com\/index.php?rest_route=\/wp\/v2\/media\/31238"}],"wp:attachment":[{"href":"https:\/\/eskigazeteci.com\/index.php?rest_route=%2Fwp%2Fv2%2Fmedia&parent=31239"}],"wp:term":[{"taxonomy":"category","embeddable":true,"href":"https:\/\/eskigazeteci.com\/index.php?rest_route=%2Fwp%2Fv2%2Fcategories&post=31239"},{"taxonomy":"post_tag","embeddable":true,"href":"https:\/\/eskigazeteci.com\/index.php?rest_route=%2Fwp%2Fv2%2Ftags&post=31239"}],"curies":[{"name":"wp","href":"https:\/\/api.w.org\/{rel}","templated":true}]}}