{"id":31237,"date":"2026-05-01T06:37:14","date_gmt":"2026-05-01T06:37:14","guid":{"rendered":"https:\/\/eskigazeteci.com\/?p=31237"},"modified":"2026-05-01T06:37:14","modified_gmt":"2026-05-01T06:37:14","slug":"meme-kanseri-ile-mucadele-ettigini-duyurmustu-unlu-sunucu-tedavi-surecini-anlatti","status":"publish","type":"post","link":"https:\/\/eskigazeteci.com\/?p=31237","title":{"rendered":"Meme kanseri ile m\u00fccadele etti\u011fini duyurmu\u015ftu&#8230; \u00dcnl\u00fc sunucu tedavi s\u00fcrecini anlatt\u0131"},"content":{"rendered":"<p>Kemoterapi ve imm\u00fcnoterapi g\u00f6rd\u00fc\u011f\u00fc anlar\u0131 sosyal medyada payla\u015fan Pak\u00f6z \u015fu ifadeleri kulland\u0131:<\/p>\n<p>\u201cHaftada bir g\u00fcn kemoterapi , \u00fc\u00e7 haftada bir g\u00fcn de kemoterapi ve imm\u00fcnoterapi al\u0131yorum. Bu rutin \u00fc\u00e7 ay sonra de\u011fi\u015fecek. Kemoterapi g\u00fcnleri benim i\u00e7in sadece bir tedavi g\u00fcn\u00fc de\u011fil; bir disiplin, bir odaklanma ve hayata yeniden \u2018Merhaba\u2019 deme g\u00fcn\u00fc.<\/p>\n<p>Her tahlil sonucu bir umut, her seans zafere bir ad\u0131m daha yak\u0131nla\u015fmak demek.<\/p>\n<p>Belki sa\u00e7lar\u0131m\u0131z d\u00f6k\u00fcl\u00fcyor, belki v\u00fccudumuz yoruluyor ama i\u00e7imizdeki \u0131\u015f\u0131k her zamankinden daha parlak. Bu video benim de\u011fil, direncin ve hayata tutunman\u0131n hik\u00e2yesi.<\/p>\n<p>Ad\u0131 ister kanser olsun ister ba\u015fka bir \u015fey; biz buraday\u0131z, ayaktay\u0131z ve \u015fifalan\u0131yoruz.\u201d<\/p>\n<p>T\u00fcrkiye&#x27;den ve D\u00fcnya\u2019dan son dakika haberleri, k\u00f6\u015fe yaz\u0131lar\u0131, magazinden siyasete, spordan seyahate b\u00fct\u00fcn konular\u0131n tek adresi Hurriyet.com.tr haber i\u00e7erikleri izin al\u0131nmadan, kaynak g\u00f6sterilerek dahi iktibas edilemez. Kanuna ayk\u0131r\u0131 ve izinsiz olarak kopyalanamaz, ba\u015fka yerde yay\u0131nlanamaz.<\/p>\n","protected":false},"excerpt":{"rendered":"<p>B\u0130R s\u00fcredir meme kanseriyle m\u00fccadele eden \u00fcnl\u00fc sunucu Serap Pak\u00f6z, tedavi s\u00fcrecini anlatt\u0131.<\/p>\n","protected":false},"author":2,"featured_media":31236,"comment_status":"open","ping_status":"open","sticky":false,"template":"","format":"standard","meta":{"footnotes":""},"categories":[6,5],"tags":[],"class_list":["post-31237","post","type-post","status-publish","format-standard","has-post-thumbnail","hentry","category-gundem","category-son-dakika"],"_links":{"self":[{"href":"https:\/\/eskigazeteci.com\/index.php?rest_route=\/wp\/v2\/posts\/31237","targetHints":{"allow":["GET"]}}],"collection":[{"href":"https:\/\/eskigazeteci.com\/index.php?rest_route=\/wp\/v2\/posts"}],"about":[{"href":"https:\/\/eskigazeteci.com\/index.php?rest_route=\/wp\/v2\/types\/post"}],"author":[{"embeddable":true,"href":"https:\/\/eskigazeteci.com\/index.php?rest_route=\/wp\/v2\/users\/2"}],"replies":[{"embeddable":true,"href":"https:\/\/eskigazeteci.com\/index.php?rest_route=%2Fwp%2Fv2%2Fcomments&post=31237"}],"version-history":[{"count":0,"href":"https:\/\/eskigazeteci.com\/index.php?rest_route=\/wp\/v2\/posts\/31237\/revisions"}],"wp:featuredmedia":[{"embeddable":true,"href":"https:\/\/eskigazeteci.com\/index.php?rest_route=\/wp\/v2\/media\/31236"}],"wp:attachment":[{"href":"https:\/\/eskigazeteci.com\/index.php?rest_route=%2Fwp%2Fv2%2Fmedia&parent=31237"}],"wp:term":[{"taxonomy":"category","embeddable":true,"href":"https:\/\/eskigazeteci.com\/index.php?rest_route=%2Fwp%2Fv2%2Fcategories&post=31237"},{"taxonomy":"post_tag","embeddable":true,"href":"https:\/\/eskigazeteci.com\/index.php?rest_route=%2Fwp%2Fv2%2Ftags&post=31237"}],"curies":[{"name":"wp","href":"https:\/\/api.w.org\/{rel}","templated":true}]}}