{"id":31233,"date":"2026-05-01T06:29:24","date_gmt":"2026-05-01T06:29:24","guid":{"rendered":"https:\/\/eskigazeteci.com\/?p=31233"},"modified":"2026-05-01T06:29:24","modified_gmt":"2026-05-01T06:29:24","slug":"son-dakika-kargo-gemisi-karaya-oturtuyor","status":"publish","type":"post","link":"https:\/\/eskigazeteci.com\/?p=31233","title":{"rendered":"Son dakika&#8230; Kargo Gemisi Karaya Oturtuyor"},"content":{"rendered":"<p>Sakarya&#x27;da kargo gemisi k\u0131y\u0131ya s\u00fcr\u00fcklenip, karaya oturdu. Kurtarma \u00e7al\u0131\u015fmalar\u0131 s\u00fcr\u00fcyor.<\/p>\n","protected":false},"excerpt":{"rendered":"<p>Kargo Gemisi Sakarya&#8217;da K\u0131y\u0131ya S\u00fcr\u00fcld\u00fc<\/p>\n","protected":false},"author":2,"featured_media":31232,"comment_status":"open","ping_status":"open","sticky":false,"template":"","format":"standard","meta":{"footnotes":""},"categories":[6,5],"tags":[],"class_list":["post-31233","post","type-post","status-publish","format-standard","has-post-thumbnail","hentry","category-gundem","category-son-dakika"],"_links":{"self":[{"href":"https:\/\/eskigazeteci.com\/index.php?rest_route=\/wp\/v2\/posts\/31233","targetHints":{"allow":["GET"]}}],"collection":[{"href":"https:\/\/eskigazeteci.com\/index.php?rest_route=\/wp\/v2\/posts"}],"about":[{"href":"https:\/\/eskigazeteci.com\/index.php?rest_route=\/wp\/v2\/types\/post"}],"author":[{"embeddable":true,"href":"https:\/\/eskigazeteci.com\/index.php?rest_route=\/wp\/v2\/users\/2"}],"replies":[{"embeddable":true,"href":"https:\/\/eskigazeteci.com\/index.php?rest_route=%2Fwp%2Fv2%2Fcomments&post=31233"}],"version-history":[{"count":0,"href":"https:\/\/eskigazeteci.com\/index.php?rest_route=\/wp\/v2\/posts\/31233\/revisions"}],"wp:featuredmedia":[{"embeddable":true,"href":"https:\/\/eskigazeteci.com\/index.php?rest_route=\/wp\/v2\/media\/31232"}],"wp:attachment":[{"href":"https:\/\/eskigazeteci.com\/index.php?rest_route=%2Fwp%2Fv2%2Fmedia&parent=31233"}],"wp:term":[{"taxonomy":"category","embeddable":true,"href":"https:\/\/eskigazeteci.com\/index.php?rest_route=%2Fwp%2Fv2%2Fcategories&post=31233"},{"taxonomy":"post_tag","embeddable":true,"href":"https:\/\/eskigazeteci.com\/index.php?rest_route=%2Fwp%2Fv2%2Ftags&post=31233"}],"curies":[{"name":"wp","href":"https:\/\/api.w.org\/{rel}","templated":true}]}}