{"id":31231,"date":"2026-05-01T06:28:51","date_gmt":"2026-05-01T06:28:51","guid":{"rendered":"https:\/\/eskigazeteci.com\/?p=31231"},"modified":"2026-05-01T06:28:51","modified_gmt":"2026-05-01T06:28:51","slug":"venezuelada-asgari-ucrete-yuzde-26-zam","status":"publish","type":"post","link":"https:\/\/eskigazeteci.com\/?p=31231","title":{"rendered":"Venezuela&#8217;da asgari \u00fccrete y\u00fczde 26 zam"},"content":{"rendered":"<p>Venezuela Ge\u00e7ici Devlet Ba\u015fkan\u0131 Delcy Rodriguez, ba\u015fkent Caracas&#x27;ta d\u00fczenlenen ve y\u00fczlerce ki\u015finin kat\u0131ld\u0131\u011f\u0131 etkinlikte yapt\u0131\u011f\u0131 konu\u015fmada, \u00e7al\u0131\u015fanlar ve emeklilerin ko\u015fullar\u0131n\u0131 iyile\u015ftirmek amac\u0131yla son y\u0131llar\u0131n en \u00f6nemli art\u0131\u015flar\u0131ndan birini ger\u00e7ekle\u015ftirdiklerini belirtti.<\/p>\n<p>Asgari \u00fccretin 240 dolara, emekli ayl\u0131\u011f\u0131n\u0131n ise 70 dolara y\u00fckseltilece\u011fini a\u00e7\u0131klayan Rodriguez, &quot;Bug\u00fcn protesto edenler hakl\u0131d\u0131r. Maa\u015flar\u0131n yeniden sat\u0131n alma g\u00fcc\u00fcne kavu\u015fmas\u0131n\u0131 sa\u011flamal\u0131y\u0131z. \u0130\u015f\u00e7ilerin yarar\u0131na olacak bir ekonomik b\u00fcy\u00fcme i\u00e7in yeni toplu i\u015f s\u00f6zle\u015fmesi \u00fczerinde \u00e7al\u0131\u015f\u0131yoruz.&quot; ifadesini kulland\u0131.<\/p>\n<p>\u00d6zel sekt\u00f6re de \u00e7a\u011fr\u0131da bulunan Rodriguez, \u00e7al\u0131\u015fanlar\u0131n ko\u015fullar\u0131n\u0131n iyile\u015ftirilmesi gerekti\u011fini vurgulayarak, &quot;2030, 2040 ve 2050 y\u0131llar\u0131n\u0131 d\u00fc\u015f\u00fcnme zaman\u0131. Bu s\u00fcreci Venezuela&#x27;n\u0131n yeniden do\u011fu\u015fu olarak g\u00f6r\u00fcyorum ve yapt\u0131r\u0131mlar nedeniyle kaybedilen y\u0131llar\u0131 geride b\u0131rakaca\u011f\u0131z.&quot; diye konu\u015ftu.<\/p>\n<p>Mevcut maa\u015flar\u0131n yeterli olmad\u0131\u011f\u0131n\u0131 kabul eden Rodriguez, sosyal yard\u0131mlar\u0131n en ihtiya\u00e7 sahibi kesimlere ula\u015ft\u0131r\u0131lmas\u0131 i\u00e7in kapsaml\u0131 \u00e7al\u0131\u015fmalar y\u00fcr\u00fct\u00fclece\u011fini s\u00f6yledi.<\/p>\n<p>Rodriguez, ABD ile yap\u0131lan anla\u015fmalar ve petrol gelirlerindeki art\u0131\u015f sayesinde ekonominin yeni bir istikrar a\u015famas\u0131na ge\u00e7ti\u011fini savunarak, Venezuela&#8230;<\/p>\n","protected":false},"excerpt":{"rendered":"<p>Venezuela Ge\u00e7ici Devlet Ba\u015fkan\u0131 Delcy Rodriguez, maa\u015flar\u0131n iyile\u015ftirilmesi talepleri ve ABD ile yap\u0131lan son ekonomik anla\u015fmalar\u0131n ard\u0131ndan asgari \u00fccretin 240&#8230;<\/p>\n","protected":false},"author":2,"featured_media":31230,"comment_status":"open","ping_status":"open","sticky":false,"template":"","format":"standard","meta":{"footnotes":""},"categories":[6,5],"tags":[],"class_list":["post-31231","post","type-post","status-publish","format-standard","has-post-thumbnail","hentry","category-gundem","category-son-dakika"],"_links":{"self":[{"href":"https:\/\/eskigazeteci.com\/index.php?rest_route=\/wp\/v2\/posts\/31231","targetHints":{"allow":["GET"]}}],"collection":[{"href":"https:\/\/eskigazeteci.com\/index.php?rest_route=\/wp\/v2\/posts"}],"about":[{"href":"https:\/\/eskigazeteci.com\/index.php?rest_route=\/wp\/v2\/types\/post"}],"author":[{"embeddable":true,"href":"https:\/\/eskigazeteci.com\/index.php?rest_route=\/wp\/v2\/users\/2"}],"replies":[{"embeddable":true,"href":"https:\/\/eskigazeteci.com\/index.php?rest_route=%2Fwp%2Fv2%2Fcomments&post=31231"}],"version-history":[{"count":0,"href":"https:\/\/eskigazeteci.com\/index.php?rest_route=\/wp\/v2\/posts\/31231\/revisions"}],"wp:featuredmedia":[{"embeddable":true,"href":"https:\/\/eskigazeteci.com\/index.php?rest_route=\/wp\/v2\/media\/31230"}],"wp:attachment":[{"href":"https:\/\/eskigazeteci.com\/index.php?rest_route=%2Fwp%2Fv2%2Fmedia&parent=31231"}],"wp:term":[{"taxonomy":"category","embeddable":true,"href":"https:\/\/eskigazeteci.com\/index.php?rest_route=%2Fwp%2Fv2%2Fcategories&post=31231"},{"taxonomy":"post_tag","embeddable":true,"href":"https:\/\/eskigazeteci.com\/index.php?rest_route=%2Fwp%2Fv2%2Ftags&post=31231"}],"curies":[{"name":"wp","href":"https:\/\/api.w.org\/{rel}","templated":true}]}}