{"id":31227,"date":"2026-05-01T06:25:42","date_gmt":"2026-05-01T06:25:42","guid":{"rendered":"https:\/\/eskigazeteci.com\/?p=31227"},"modified":"2026-05-01T06:25:42","modified_gmt":"2026-05-01T06:25:42","slug":"bilecik-jandarma-egitim-alay-komutanligi-9-boluk-unlu-oyuncu-tezkere-aldi","status":"publish","type":"post","link":"https:\/\/eskigazeteci.com\/?p=31227","title":{"rendered":"Bilecik Jandarma E\u011fitim Alay Komutanl\u0131\u011f\u0131 9. B\u00f6l\u00fck! \u00dcnl\u00fc oyuncu tezkere ald\u0131&#8230;"},"content":{"rendered":"<p>Rol ald\u0131\u011f\u0131 &#x27;Vatan\u0131m Sensin&#x27; dizisiyle \u015f\u00f6hret kap\u0131s\u0131n\u0131 aralayan ve ard\u0131ndan canland\u0131rd\u0131\u011f\u0131 karakterlerle geni\u015f hayran kitlesine ula\u015fan Kubilay Aka, vatani g\u00f6revini tamamlamak i\u00e7in ge\u00e7ti\u011fimiz ay Bilecik&#x27;teki birli\u011fine teslim olmu\u015ftu.<\/p>\n<p>Bedelli askerlikten yararlanan 28 ya\u015f\u0131ndaki oyuncu tezkere ald\u0131.<\/p>\n<p>Sosyal medyada viral olan askerlik pozlar\u0131n\u0131 arkada\u015flar\u0131yla canland\u0131ran Aka, foto\u011fraflar\u0131 sosyal medya hesab\u0131nda payla\u015ft\u0131.<\/p>\n<p>&quot;Kubilay Aka Adana emret komutan\u0131m!Bilecik Jandarma E\u011fitim Alay Komutanl\u0131\u011f\u0131 9.B\u00f6l\u00fck KN:29G\u00fczel an\u0131lar ve dostlarla bir hikayeyi daha geride b\u0131rakt\u0131k\u2026&quot;<\/p>\n<p>T\u00fcrkiye&#x27;de sinema, m\u00fczik ve TV ekranlar\u0131n\u0131n erkek \u00fcnl\u00fcleri askerliklerini nerede yapt\u0131 biliyor musunuz? \u0130\u015fte \u00fcnl\u00fclerin askerlik foto\u011fraflar\u0131&#8230;<\/p>\n<p>1996 y\u0131l\u0131nda vefat eden usta sanat\u00e7\u0131 Zeki M\u00fcren\u2019in askerlik y\u0131llar\u0131na ait foto\u011fraflar\u0131 ortaya \u00e7\u0131kt\u0131. 1956\u2019da \u00c7ank\u0131r\u0131 Piyade Okulu\u2019nda Te\u011fmen r\u00fctbesiyle askerli\u011fini tamamlayan Zeki M\u00fcren\u2019in o y\u0131llara ait foto\u011fraflar\u0131n\u0131, Y\u0131llarboyu Tarih dergisi yay\u0131nlad\u0131.<\/p>\n<p>Tarih habercili\u011fini belgeli ve foto\u011frafl\u0131 \u015fekilde yapan derginin, i\u00e7erisinde Zeki M\u00fcren\u2019e dair bilgilerin de yer ald\u0131\u011f\u0131 86\u2019nc\u0131 say\u0131s\u0131 t\u00fcm gazete ve dergi bayilerinde yerini ald\u0131.<\/p>\n<p>\u00dcmit Besen, Instagram hesab\u0131nda nostalji&#8230;<\/p>\n","protected":false},"excerpt":{"rendered":"<p>T\u00fcrkiye&#8217;de sinema, m\u00fczik ve TV ekranlar\u0131n\u0131n erkek \u00fcnl\u00fcleri askerliklerini nerede yapt\u0131 biliyor musunuz? \u0130\u015fte \u00fcnl\u00fclerin askerlik&#8230;<\/p>\n","protected":false},"author":2,"featured_media":31226,"comment_status":"open","ping_status":"open","sticky":false,"template":"","format":"standard","meta":{"footnotes":""},"categories":[6,5],"tags":[],"class_list":["post-31227","post","type-post","status-publish","format-standard","has-post-thumbnail","hentry","category-gundem","category-son-dakika"],"_links":{"self":[{"href":"https:\/\/eskigazeteci.com\/index.php?rest_route=\/wp\/v2\/posts\/31227","targetHints":{"allow":["GET"]}}],"collection":[{"href":"https:\/\/eskigazeteci.com\/index.php?rest_route=\/wp\/v2\/posts"}],"about":[{"href":"https:\/\/eskigazeteci.com\/index.php?rest_route=\/wp\/v2\/types\/post"}],"author":[{"embeddable":true,"href":"https:\/\/eskigazeteci.com\/index.php?rest_route=\/wp\/v2\/users\/2"}],"replies":[{"embeddable":true,"href":"https:\/\/eskigazeteci.com\/index.php?rest_route=%2Fwp%2Fv2%2Fcomments&post=31227"}],"version-history":[{"count":0,"href":"https:\/\/eskigazeteci.com\/index.php?rest_route=\/wp\/v2\/posts\/31227\/revisions"}],"wp:featuredmedia":[{"embeddable":true,"href":"https:\/\/eskigazeteci.com\/index.php?rest_route=\/wp\/v2\/media\/31226"}],"wp:attachment":[{"href":"https:\/\/eskigazeteci.com\/index.php?rest_route=%2Fwp%2Fv2%2Fmedia&parent=31227"}],"wp:term":[{"taxonomy":"category","embeddable":true,"href":"https:\/\/eskigazeteci.com\/index.php?rest_route=%2Fwp%2Fv2%2Fcategories&post=31227"},{"taxonomy":"post_tag","embeddable":true,"href":"https:\/\/eskigazeteci.com\/index.php?rest_route=%2Fwp%2Fv2%2Ftags&post=31227"}],"curies":[{"name":"wp","href":"https:\/\/api.w.org\/{rel}","templated":true}]}}