{"id":31225,"date":"2026-05-01T06:15:42","date_gmt":"2026-05-01T06:15:42","guid":{"rendered":"https:\/\/eskigazeteci.com\/?p=31225"},"modified":"2026-05-01T06:15:42","modified_gmt":"2026-05-01T06:15:42","slug":"sumeyye-aydogan-arkadasiyla-gezmede","status":"publish","type":"post","link":"https:\/\/eskigazeteci.com\/?p=31225","title":{"rendered":"S\u00fcmeyye Aydo\u011fan arkada\u015f\u0131yla gezmede!"},"content":{"rendered":"<p>Aydo\u011fan, \u00e7\u0131k\u0131\u015fta yan\u0131ndaki ki\u015finin sevgilisi olup olmad\u0131\u011f\u0131 sorusuna \u201cHay\u0131r can\u0131m, yak\u0131n arkada\u015f\u0131m o benim\u201d yan\u0131t\u0131n\u0131 verdi.<\/p>\n<p>ELE\u015eT\u0130R\u0130LER KULA\u011eIMA K\u00dcPE<\/p>\n<p>S\u00fcmeyye Aydo\u011fan \u2019a sosyal medyada hakk\u0131nda yap\u0131lan ele\u015ftiriler de soruldu. Oyuncu \u015f\u00f6yle konu\u015ftu: \u201cEle\u015ftirileri kula\u011f\u0131ma k\u00fcpe yapmaya \u00e7al\u0131\u015f\u0131yorum. Baz\u0131lar\u0131n\u0131 da elimden geldi\u011fince kale alm\u0131yorum.\u201d<\/p>\n<p>T\u00fcrkiye&#x27;den ve D\u00fcnya\u2019dan son dakika haberleri, k\u00f6\u015fe yaz\u0131lar\u0131, magazinden siyasete, spordan seyahate b\u00fct\u00fcn konular\u0131n tek adresi Hurriyet.com.tr haber i\u00e7erikleri izin al\u0131nmadan, kaynak g\u00f6sterilerek dahi iktibas edilemez. Kanuna ayk\u0131r\u0131 ve izinsiz olarak kopyalanamaz, ba\u015fka yerde yay\u0131nlanamaz.<\/p>\n","protected":false},"excerpt":{"rendered":"<p>S\u00fcmeyye Aydo\u011fan \u00f6nceki g\u00fcn Yenik\u00f6y\u2019de bir erkek arkada\u015f\u0131yla g\u00f6r\u00fcnt\u00fclendi. \u0130kili, birlikte gittikleri mek\u00e2nda uzun s\u00fcre sohbet etti.<\/p>\n","protected":false},"author":2,"featured_media":31224,"comment_status":"open","ping_status":"open","sticky":false,"template":"","format":"standard","meta":{"footnotes":""},"categories":[6,5],"tags":[],"class_list":["post-31225","post","type-post","status-publish","format-standard","has-post-thumbnail","hentry","category-gundem","category-son-dakika"],"_links":{"self":[{"href":"https:\/\/eskigazeteci.com\/index.php?rest_route=\/wp\/v2\/posts\/31225","targetHints":{"allow":["GET"]}}],"collection":[{"href":"https:\/\/eskigazeteci.com\/index.php?rest_route=\/wp\/v2\/posts"}],"about":[{"href":"https:\/\/eskigazeteci.com\/index.php?rest_route=\/wp\/v2\/types\/post"}],"author":[{"embeddable":true,"href":"https:\/\/eskigazeteci.com\/index.php?rest_route=\/wp\/v2\/users\/2"}],"replies":[{"embeddable":true,"href":"https:\/\/eskigazeteci.com\/index.php?rest_route=%2Fwp%2Fv2%2Fcomments&post=31225"}],"version-history":[{"count":0,"href":"https:\/\/eskigazeteci.com\/index.php?rest_route=\/wp\/v2\/posts\/31225\/revisions"}],"wp:featuredmedia":[{"embeddable":true,"href":"https:\/\/eskigazeteci.com\/index.php?rest_route=\/wp\/v2\/media\/31224"}],"wp:attachment":[{"href":"https:\/\/eskigazeteci.com\/index.php?rest_route=%2Fwp%2Fv2%2Fmedia&parent=31225"}],"wp:term":[{"taxonomy":"category","embeddable":true,"href":"https:\/\/eskigazeteci.com\/index.php?rest_route=%2Fwp%2Fv2%2Fcategories&post=31225"},{"taxonomy":"post_tag","embeddable":true,"href":"https:\/\/eskigazeteci.com\/index.php?rest_route=%2Fwp%2Fv2%2Ftags&post=31225"}],"curies":[{"name":"wp","href":"https:\/\/api.w.org\/{rel}","templated":true}]}}