{"id":31221,"date":"2026-05-01T05:55:38","date_gmt":"2026-05-01T05:55:38","guid":{"rendered":"https:\/\/eskigazeteci.com\/?p=31221"},"modified":"2026-05-01T05:55:38","modified_gmt":"2026-05-01T05:55:38","slug":"siyasilerden-pes-pese-1-mayis-emek-ve-dayanisma-gunu-mesajlari","status":"publish","type":"post","link":"https:\/\/eskigazeteci.com\/?p=31221","title":{"rendered":"Siyasilerden pe\u015f pe\u015fe 1 May\u0131s Emek ve Dayan\u0131\u015fma G\u00fcn\u00fc mesajlar\u0131"},"content":{"rendered":"<p>\u0130\u00e7i\u015fleri Bakan\u0131 Mustafa \u00c7ift\u00e7i sosyal medya hesab\u0131ndan yapt\u0131\u011f\u0131 payla\u015f\u0131mda \u015fu ifadelere yer verdi;<\/p>\n<p>1 May\u0131s; al\u0131n terinin k\u0131ymetini bilen, eme\u011fi kutsal g\u00f6ren bir inanc\u0131n mensuplar\u0131 olarak bizlere b\u00fcy\u00fck bir sorumlulu\u011fu hat\u0131rlatmaktad\u0131r.<\/p>\n<p>Peygamber Efendimiz (S.A.V.)\u2019in \u201c\u0130\u015f\u00e7inin \u00fccretini, al\u0131n teri kurumadan veriniz.\u201d emri; \u00e7al\u0131\u015fma hayat\u0131nda adaletin, hakkaniyetin ve merhametin temel \u00f6l\u00e7\u00fcs\u00fcd\u00fcr. Bizler; eme\u011fi y\u00fccelten, helal kazanc\u0131 esas alan, kul hakk\u0131n\u0131 g\u00f6zetmeyi iman\u0131n bir gere\u011fi sayan bir medeniyetin temsilcileriyiz.<\/p>\n<p>1 May\u0131s Emek ve Dayan\u0131\u015fma G\u00fcn\u00fc\u2019n\u00fcn; eme\u011fin de\u011fer g\u00f6rd\u00fc\u011f\u00fc, hakk\u0131n teslim edildi\u011fi, huzur ve karde\u015fli\u011fin g\u00fc\u00e7lendi\u011fi bir iklime vesile olmas\u0131n\u0131 temenni ediyorum.<\/p>\n<p>\u00c7evre, \u015eehircilik ve \u0130klim De\u011fi\u015fikli\u011fi Bakan\u0131 Murat Kurum: &quot;11 \u015fehir k\u00fcllerinden do\u011farken, yeni evlerde umutlar ye\u015ferirken, y\u00fczler yeniden g\u00fclerken; her tu\u011flada, her sokakta, her yuvada i\u015f\u00e7i karde\u015flerimizin al\u0131nteri var.<\/p>\n<p>\u00dclkemizin 81 ilinde \u00e7al\u0131\u015fan, \u00fcreten, eme\u011fiyle bu topraklar\u0131 g\u00fczelle\u015ftiren t\u00fcm i\u015f\u00e7ilerimizin #1May\u0131s Emek ve Dayan\u0131\u015fma G\u00fcn\u00fc\u2019n\u00fc y\u00fcrekten kutluyorum.&quot;<\/p>\n<p>T\u00fcrkiye g\u00fcndeminden son dakika haberleri, bug\u00fcn ya\u015fanan en son geli\u015fmeler, siyaset g\u00fcndeminden g\u00fcncel haberler ve b\u00fct\u00fcn son dakika haberleri&#8230;<\/p>\n","protected":false},"excerpt":{"rendered":"<p>Siyasiler, 1 May\u0131s Emek ve Dayan\u0131\u015fma G\u00fcn\u00fc dolay\u0131s\u0131yla kutlama mesajlar\u0131 payla\u015ft\u0131. \u0130\u00e7i\u015fleri Bakan\u0131 Mustafa \u00c7ift\u00e7i, 1 May\u0131s Emek ve Dayan\u0131\u015fma G\u00fcn\u00fc\u2019n\u00fcn; eme\u011fin&#8230;<\/p>\n","protected":false},"author":2,"featured_media":31220,"comment_status":"open","ping_status":"open","sticky":false,"template":"","format":"standard","meta":{"footnotes":""},"categories":[6,5],"tags":[],"class_list":["post-31221","post","type-post","status-publish","format-standard","has-post-thumbnail","hentry","category-gundem","category-son-dakika"],"_links":{"self":[{"href":"https:\/\/eskigazeteci.com\/index.php?rest_route=\/wp\/v2\/posts\/31221","targetHints":{"allow":["GET"]}}],"collection":[{"href":"https:\/\/eskigazeteci.com\/index.php?rest_route=\/wp\/v2\/posts"}],"about":[{"href":"https:\/\/eskigazeteci.com\/index.php?rest_route=\/wp\/v2\/types\/post"}],"author":[{"embeddable":true,"href":"https:\/\/eskigazeteci.com\/index.php?rest_route=\/wp\/v2\/users\/2"}],"replies":[{"embeddable":true,"href":"https:\/\/eskigazeteci.com\/index.php?rest_route=%2Fwp%2Fv2%2Fcomments&post=31221"}],"version-history":[{"count":0,"href":"https:\/\/eskigazeteci.com\/index.php?rest_route=\/wp\/v2\/posts\/31221\/revisions"}],"wp:featuredmedia":[{"embeddable":true,"href":"https:\/\/eskigazeteci.com\/index.php?rest_route=\/wp\/v2\/media\/31220"}],"wp:attachment":[{"href":"https:\/\/eskigazeteci.com\/index.php?rest_route=%2Fwp%2Fv2%2Fmedia&parent=31221"}],"wp:term":[{"taxonomy":"category","embeddable":true,"href":"https:\/\/eskigazeteci.com\/index.php?rest_route=%2Fwp%2Fv2%2Fcategories&post=31221"},{"taxonomy":"post_tag","embeddable":true,"href":"https:\/\/eskigazeteci.com\/index.php?rest_route=%2Fwp%2Fv2%2Ftags&post=31221"}],"curies":[{"name":"wp","href":"https:\/\/api.w.org\/{rel}","templated":true}]}}