{"id":31217,"date":"2026-05-01T05:48:42","date_gmt":"2026-05-01T05:48:42","guid":{"rendered":"https:\/\/eskigazeteci.com\/?p=31217"},"modified":"2026-05-01T05:48:42","modified_gmt":"2026-05-01T05:48:42","slug":"nicedir-soylentiler-soylentileri-kovaliyordu-son-kararini-acikladi-yetti-benden-bu-kadar","status":"publish","type":"post","link":"https:\/\/eskigazeteci.com\/?p=31217","title":{"rendered":"Nicedir s\u00f6ylentiler s\u00f6ylentileri koval\u0131yordu&#8230; Son karar\u0131n\u0131 a\u00e7\u0131klad\u0131: Yetti&#8230; Benden bu kadar!"},"content":{"rendered":"<p>E\u011fer evlenmi\u015flerse bo\u015fanma s\u00f6ylentileri gelir. Hi\u00e7 niyetleri bile yokken yeni bir \u00e7ocuk istedikleri s\u00f6ylenir.<\/p>\n<p>Bazen de sa\u011fl\u0131klar\u0131yla ilgili s\u00f6ylentiler yay\u0131l\u0131r kulaktan kula\u011fa.<\/p>\n<p>T\u0131pk\u0131 George Clooney&#x27;e oldu\u011fu gibi.<\/p>\n<p>B\u0130R YANDA BO\u015eANMA, D\u0130\u011eER YANDA DEMANS S\u00d6YLENT\u0130S\u0130 Hollywood&#x27;un ak sa\u00e7l\u0131 yak\u0131\u015f\u0131kl\u0131s\u0131 Clooney&#x27;in kar\u0131s\u0131 Amal Clooney ile anla\u015famad\u0131\u011f\u0131 ve bo\u015fanaca\u011f\u0131 s\u00f6ylentileri y\u0131llard\u0131r konu\u015fuluyor.<\/p>\n<p>\u0130kiz \u00e7ocuklar\u0131 olan mutlu \u00e7ift, b\u0131rak\u0131n bo\u015fanmay\u0131 ABD&#x27;den Fransa&#x27;ya ge\u00e7ip orada yerle\u015fik hayat kurdu. Zaten gittikleri her yerde de a\u015fk tablosu sergiliyorlar.<\/p>\n<p>Ama \u00fcnl\u00fc \u00e7iftin yuvas\u0131 \u00fczerinde dola\u015fan dedikodular bununla da bitmedi.<\/p>\n<p>64 ya\u015f\u0131ndaki y\u0131ld\u0131z\u0131n demans\u0131n ilk belirtilerini g\u00f6sterdi\u011fi bile ileri s\u00fcr\u00fcld\u00fc. Belki kendisi bunlara g\u00fcl\u00fcp ge\u00e7ti ama hayranlar\u0131 \u00fcz\u00fcld\u00fc.<\/p>\n<p>Rol ald\u0131\u011f\u0131 Broadwoy oyununda baz\u0131 replikleri hat\u0131rlamakta zorland\u0131\u011f\u0131, kariyerinin tehlikeye girece\u011fi bile konu\u015fuldu.<\/p>\n<p>&#x27;ARTIK KAR\u0130YER PE\u015e\u0130NDE KO\u015eMUYORUM&#x27; Sonunda George Clooney ile kar\u0131s\u0131 Amal Clooney, ge\u00e7en hafta d\u00fczenlenen 51&#x27;nci Chaplin \u00d6d\u00fclleri gala gecesinde ortaya \u00e7\u0131kt\u0131. Hem Amal hem de kendisi gayet formda ve gayet mutlu g\u00f6r\u00fcn\u00fcyordu.<\/p>\n<p>\u00dcstelik Clooney o gece hayat\u0131yla ilgili ald\u0131\u011f\u0131 \u00f6nemli bir karar\u0131 a\u00e7\u0131klad\u0131.<\/p>\n<p>Yak\u0131nda 65&#8230;<\/p>\n","protected":false},"excerpt":{"rendered":"<p>Baz\u0131 \u00fcnl\u00fclerin hayat\u0131ndan s\u00f6ylentiler hi\u00e7 eksik olmaz&#8230; Kalplerinde kimse yokken bazen hi\u00e7 tan\u0131mad\u0131klar\u0131 ki\u015filerle a\u015fk dedikodular\u0131na kar\u0131\u015f\u0131r adlar\u0131.<\/p>\n","protected":false},"author":2,"featured_media":31216,"comment_status":"open","ping_status":"open","sticky":false,"template":"","format":"standard","meta":{"footnotes":""},"categories":[6,5],"tags":[],"class_list":["post-31217","post","type-post","status-publish","format-standard","has-post-thumbnail","hentry","category-gundem","category-son-dakika"],"_links":{"self":[{"href":"https:\/\/eskigazeteci.com\/index.php?rest_route=\/wp\/v2\/posts\/31217","targetHints":{"allow":["GET"]}}],"collection":[{"href":"https:\/\/eskigazeteci.com\/index.php?rest_route=\/wp\/v2\/posts"}],"about":[{"href":"https:\/\/eskigazeteci.com\/index.php?rest_route=\/wp\/v2\/types\/post"}],"author":[{"embeddable":true,"href":"https:\/\/eskigazeteci.com\/index.php?rest_route=\/wp\/v2\/users\/2"}],"replies":[{"embeddable":true,"href":"https:\/\/eskigazeteci.com\/index.php?rest_route=%2Fwp%2Fv2%2Fcomments&post=31217"}],"version-history":[{"count":0,"href":"https:\/\/eskigazeteci.com\/index.php?rest_route=\/wp\/v2\/posts\/31217\/revisions"}],"wp:featuredmedia":[{"embeddable":true,"href":"https:\/\/eskigazeteci.com\/index.php?rest_route=\/wp\/v2\/media\/31216"}],"wp:attachment":[{"href":"https:\/\/eskigazeteci.com\/index.php?rest_route=%2Fwp%2Fv2%2Fmedia&parent=31217"}],"wp:term":[{"taxonomy":"category","embeddable":true,"href":"https:\/\/eskigazeteci.com\/index.php?rest_route=%2Fwp%2Fv2%2Fcategories&post=31217"},{"taxonomy":"post_tag","embeddable":true,"href":"https:\/\/eskigazeteci.com\/index.php?rest_route=%2Fwp%2Fv2%2Ftags&post=31217"}],"curies":[{"name":"wp","href":"https:\/\/api.w.org\/{rel}","templated":true}]}}