{"id":31215,"date":"2026-05-01T05:47:10","date_gmt":"2026-05-01T05:47:10","guid":{"rendered":"https:\/\/eskigazeteci.com\/?p=31215"},"modified":"2026-05-01T05:47:10","modified_gmt":"2026-05-01T05:47:10","slug":"sevval-sam-yasak-elmaya-doyduk","status":"publish","type":"post","link":"https:\/\/eskigazeteci.com\/?p=31215","title":{"rendered":"\u015eevval Sam: Yasak Elma\u2019ya doyduk"},"content":{"rendered":"<p>\u015eevval Sam , yeni dizisi \u201cD\u00fc\u011f\u00fcn\u00fcm\u00fcz Var\u201dla ilgili sorulara \u201cEli kula\u011f\u0131nda, haz\u0131rl\u0131klara ba\u015flad\u0131k\u201d yan\u0131t\u0131n\u0131 verdi.<\/p>\n<p>Oyuncuya ba\u015frol\u00fcnde oynad\u0131\u011f\u0131 \u201cYasak Elma\u201d dizisinin yeniden \u00e7ekilece\u011fi iddias\u0131 da soruldu.<\/p>\n<p>\u201cBilmiyorum, haberim yok\u201d diyen Sam, dizinin yeni versiyonunda yer almamas\u0131yla ilgili \u201c Yasak Elma \u2019n\u0131n bizim d\u0131\u015f\u0131m\u0131zda da \u00e7ok sevilen taraflar\u0131 vard\u0131. \u0130yi bir senaryoyu kim oynasa sevilir. Belki taze kan daha iyi bile olabilir\u201d a\u00e7\u0131klamas\u0131n\u0131 yapt\u0131.<\/p>\n<p>Oyuncu, teklif gelmemesinin kendisini \u00fcz\u00fcp \u00fczmedi\u011fi sorusunu da \u201cYok, biz yeteri kadar doyduk\u201d diye yan\u0131tlad\u0131.<\/p>\n<p>T\u00fcrkiye&#x27;den ve D\u00fcnya\u2019dan son dakika haberleri, k\u00f6\u015fe yaz\u0131lar\u0131, magazinden siyasete, spordan seyahate b\u00fct\u00fcn konular\u0131n tek adresi Hurriyet.com.tr haber i\u00e7erikleri izin al\u0131nmadan, kaynak g\u00f6sterilerek dahi iktibas edilemez. Kanuna ayk\u0131r\u0131 ve izinsiz olarak kopyalanamaz, ba\u015fka yerde yay\u0131nlanamaz.<\/p>\n","protected":false},"excerpt":{"rendered":"<p>\u015eevval Sam ba\u015frol\u00fcnde oynad\u0131\u011f\u0131, 6 sezon yay\u0131nlanan \u201cYasak Elma\u201d dizisinin yeniden \u00e7ekilece\u011fi iddias\u0131 hakk\u0131nda konu\u015ftu.<\/p>\n","protected":false},"author":2,"featured_media":31214,"comment_status":"open","ping_status":"open","sticky":false,"template":"","format":"standard","meta":{"footnotes":""},"categories":[6,5],"tags":[],"class_list":["post-31215","post","type-post","status-publish","format-standard","has-post-thumbnail","hentry","category-gundem","category-son-dakika"],"_links":{"self":[{"href":"https:\/\/eskigazeteci.com\/index.php?rest_route=\/wp\/v2\/posts\/31215","targetHints":{"allow":["GET"]}}],"collection":[{"href":"https:\/\/eskigazeteci.com\/index.php?rest_route=\/wp\/v2\/posts"}],"about":[{"href":"https:\/\/eskigazeteci.com\/index.php?rest_route=\/wp\/v2\/types\/post"}],"author":[{"embeddable":true,"href":"https:\/\/eskigazeteci.com\/index.php?rest_route=\/wp\/v2\/users\/2"}],"replies":[{"embeddable":true,"href":"https:\/\/eskigazeteci.com\/index.php?rest_route=%2Fwp%2Fv2%2Fcomments&post=31215"}],"version-history":[{"count":0,"href":"https:\/\/eskigazeteci.com\/index.php?rest_route=\/wp\/v2\/posts\/31215\/revisions"}],"wp:featuredmedia":[{"embeddable":true,"href":"https:\/\/eskigazeteci.com\/index.php?rest_route=\/wp\/v2\/media\/31214"}],"wp:attachment":[{"href":"https:\/\/eskigazeteci.com\/index.php?rest_route=%2Fwp%2Fv2%2Fmedia&parent=31215"}],"wp:term":[{"taxonomy":"category","embeddable":true,"href":"https:\/\/eskigazeteci.com\/index.php?rest_route=%2Fwp%2Fv2%2Fcategories&post=31215"},{"taxonomy":"post_tag","embeddable":true,"href":"https:\/\/eskigazeteci.com\/index.php?rest_route=%2Fwp%2Fv2%2Ftags&post=31215"}],"curies":[{"name":"wp","href":"https:\/\/api.w.org\/{rel}","templated":true}]}}