{"id":31213,"date":"2026-05-01T05:45:38","date_gmt":"2026-05-01T05:45:38","guid":{"rendered":"https:\/\/eskigazeteci.com\/?p=31213"},"modified":"2026-05-01T05:45:38","modified_gmt":"2026-05-01T05:45:38","slug":"cuma-selasi-vakitleri-1-mayis-2026","status":"publish","type":"post","link":"https:\/\/eskigazeteci.com\/?p=31213","title":{"rendered":"CUMA SELASI VAK\u0130TLER\u0130 1 MAYIS 2026"},"content":{"rendered":"<p>\u0130llere g\u00f6re cuma sela saatleri, bug\u00fcn (1 May\u0131s) Cuma namaz\u0131 ibadetini yerine getirecek vatanda\u015flar\u0131n g\u00fcndeminde. . Sela, baz\u0131 \u00f6zel g\u00fcnlerde ezandan \u00f6nce veya k\u0131l\u0131nacak cenaze namaz\u0131n\u0131 haber vermek amac\u0131yla okunur. Ayr\u0131ca sela saati, il il de\u011fi\u015fiyor. Peki 1 May\u0131s Cuma sela ne zaman okunacak? Bug\u00fcn \u0130stanbul, Ankara, \u0130zmir&#x27;de sela saat ka\u00e7ta verilecek?<\/p>\n<p>Cuma selas\u0131, cuma namaz\u0131na 45 dakika ya da bir saat kala okunur. Cuma Selas\u0131, m\u00fcezzinlerin minareden y\u00fcksek sesle salavat getirmeleri, hem insanlar\u0131n salavat getirmelerini hat\u0131rlatmak y\u00f6n\u00fcnden hem de yo\u011fun olarak \u00e7al\u0131\u015fan insanlara cuma namaz\u0131n\u0131 hat\u0131rlatmalar\u0131 bak\u0131m\u0131ndan okunmaktad\u0131r. B\u00f6ylece sel\u00e2y\u0131 duyan ki\u015finin, o g\u00fcn\u00fcn cuma oldu\u011funu hat\u0131rlamas\u0131 m\u00fcmk\u00fcn olmaktad\u0131r.<\/p>\n<p>Cuma selas\u0131, cuma namaz\u0131na 45 dakika ya da bir saat kala okunur.<\/p>\n<p>Cuma Selas\u0131, m\u00fcezzinlerin minareden y\u00fcksek sesle salavat getirmeleri, hem insanlar\u0131n salavat getirmelerini hat\u0131rlatmak y\u00f6n\u00fcnden hem de yo\u011fun olarak \u00e7al\u0131\u015fan insanlara cuma namaz\u0131n\u0131 hat\u0131rlatmalar\u0131 bak\u0131m\u0131ndan okunmaktad\u0131r. B\u00f6ylece sel\u00e2y\u0131 duyan ki\u015finin, o g\u00fcn\u00fcn cuma oldu\u011funu hat\u0131rlamas\u0131 m\u00fcmk\u00fcn olmaktad\u0131r.<\/p>\n<p>Cuma Namaz\u0131 saati, Diyanet \u0130\u015fleri Ba\u015fkanl\u0131\u011f\u0131 taraf\u0131ndan yay\u0131mland\u0131. Buna g\u00f6re t\u00fcm kentlerin Cuma namaz\u0131&#8230;<\/p>\n","protected":false},"excerpt":{"rendered":"<p>Cuma sela vakitleri, 1 May\u0131s Cuma g\u00fcn\u00fc il il sorgulan\u0131yor. Cuma selas\u0131 cuma g\u00fcn\u00fc cemaatle birlikte k\u0131l\u0131nan namaz \u00f6ncesinde okunuyor. Bununla birlikte sela&#8230;<\/p>\n","protected":false},"author":2,"featured_media":31212,"comment_status":"open","ping_status":"open","sticky":false,"template":"","format":"standard","meta":{"footnotes":""},"categories":[6,5],"tags":[],"class_list":["post-31213","post","type-post","status-publish","format-standard","has-post-thumbnail","hentry","category-gundem","category-son-dakika"],"_links":{"self":[{"href":"https:\/\/eskigazeteci.com\/index.php?rest_route=\/wp\/v2\/posts\/31213","targetHints":{"allow":["GET"]}}],"collection":[{"href":"https:\/\/eskigazeteci.com\/index.php?rest_route=\/wp\/v2\/posts"}],"about":[{"href":"https:\/\/eskigazeteci.com\/index.php?rest_route=\/wp\/v2\/types\/post"}],"author":[{"embeddable":true,"href":"https:\/\/eskigazeteci.com\/index.php?rest_route=\/wp\/v2\/users\/2"}],"replies":[{"embeddable":true,"href":"https:\/\/eskigazeteci.com\/index.php?rest_route=%2Fwp%2Fv2%2Fcomments&post=31213"}],"version-history":[{"count":0,"href":"https:\/\/eskigazeteci.com\/index.php?rest_route=\/wp\/v2\/posts\/31213\/revisions"}],"wp:featuredmedia":[{"embeddable":true,"href":"https:\/\/eskigazeteci.com\/index.php?rest_route=\/wp\/v2\/media\/31212"}],"wp:attachment":[{"href":"https:\/\/eskigazeteci.com\/index.php?rest_route=%2Fwp%2Fv2%2Fmedia&parent=31213"}],"wp:term":[{"taxonomy":"category","embeddable":true,"href":"https:\/\/eskigazeteci.com\/index.php?rest_route=%2Fwp%2Fv2%2Fcategories&post=31213"},{"taxonomy":"post_tag","embeddable":true,"href":"https:\/\/eskigazeteci.com\/index.php?rest_route=%2Fwp%2Fv2%2Ftags&post=31213"}],"curies":[{"name":"wp","href":"https:\/\/api.w.org\/{rel}","templated":true}]}}