{"id":31211,"date":"2026-05-01T05:37:12","date_gmt":"2026-05-01T05:37:12","guid":{"rendered":"https:\/\/eskigazeteci.com\/?p=31211"},"modified":"2026-05-01T05:37:12","modified_gmt":"2026-05-01T05:37:12","slug":"1-mayis-emek-ve-dayanisma-gunu-1-mayis-tedbirlerini-acikladi-iste-ilce-ilce-alinan-kararlar","status":"publish","type":"post","link":"https:\/\/eskigazeteci.com\/?p=31211","title":{"rendered":"1 May\u0131s Emek ve Dayan\u0131\u015fma G\u00fcn\u00fc: 1 May\u0131s tedbirlerini a\u00e7\u0131klad\u0131! \u0130\u015fte il\u00e7e il\u00e7e al\u0131nan kararlar"},"content":{"rendered":"<p>1 May\u0131s Emek ve Dayan\u0131\u015fma G\u00fcn\u00fc: 1 May\u0131s tedbirlerini a\u00e7\u0131klad\u0131! \u0130\u015fte il\u00e7e il\u00e7e al\u0131nan kararlar<\/p>\n<p>Valilikten yap\u0131lan a\u00e7\u0131klamada, 1 May\u0131s Emek ve Dayan\u0131\u015fma G\u00fcn\u00fc kapsam\u0131nda kapat\u0131lacak yollar ve alternatif g\u00fczergahlar da duyuruldu.<\/p>\n<p>BEYO\u011eLU<\/p>\n<p>Beyo\u011flu\u2019nda saat 05.00\u2019ten itibaren \u0130stiklal, S\u0131raselviler, \u0130n\u00f6n\u00fc, Mete, Prof. Dr. Bedri Karafakio\u011flu, Bo\u011fazkesen, \u00d6mer Hayyam, At\u0131f Y\u0131lmaz, Turanc\u0131ba\u015f\u0131, Hamalba\u015f\u0131, Kamer Hatun, Yeni \u00c7ar\u015f\u0131, Me\u015frutiyet, Bostanba\u015f\u0131, \u0130lk Belediye, Hayriye, Asmal\u0131 Mescit, Cihangir, Tak-\u0131 Zafer, Abd\u00fclhak Hamit, Galip Dede, Asker Oca\u011f\u0131, Ta\u015fk\u0131\u015fla, Tarlaba\u015f\u0131 Bulvar\u0131, Refik Saydam, Dolapdere, Sak\u0131za\u011fac\u0131, Aynal\u0131 \u00c7e\u015fme, Tepeba\u015f\u0131, Piyalepa\u015fa Bulvar\u0131 ba\u011flant\u0131lar\u0131, Bahriye, Tersane caddeleri ile bu yollara \u00e7\u0131kan t\u00fcm cadde ve sokaklar trafi\u011fe kapat\u0131lacak.<\/p>\n<p>Beyo\u011flu&#x27;nda kullan\u0131lacak alternatif yollar:<\/p>\n<p>Tarlaba\u015f\u0131 Bulvar\u0131, Refik Saydam Caddesi, Meclis-i Mebusan Caddesi, Tersane Caddesi, Barbaros Bulvar\u0131, Cumhuriyet Caddesi, Yedikuyular Caddesi, Irmak Caddesi, Piyalepa\u015fa Bulvar\u0131, B\u00fclent Demir Caddesi, Bahriye Caddesi, Fi\u015fekhane Deresi Caddesi, Dereboyu Caddesi, Melek Sokak, Evliya \u00c7elebi Caddesi, Piyalepa\u015fa Bulvar\u0131, Irmak Caddesi (Taksim\u2019den Dolapdere \u0130stikameti) Aka\u011falar Caddesi,&#8230;<\/p>\n","protected":false},"excerpt":{"rendered":"<p>1 May\u0131s Emek ve Dayan\u0131\u015fma G\u00fcn\u00fc kapsam\u0131nda \u0130stanbul genelinde geni\u015f g\u00fcvenlik \u00f6nlemleri al\u0131nd\u0131. Valilik karar\u0131yla Kad\u0131k\u00f6y Meydan\u0131 ara\u00e7 trafi\u011fine kapat\u0131l\u0131rken,&#8230;<\/p>\n","protected":false},"author":2,"featured_media":31210,"comment_status":"open","ping_status":"open","sticky":false,"template":"","format":"standard","meta":{"footnotes":""},"categories":[6,5],"tags":[],"class_list":["post-31211","post","type-post","status-publish","format-standard","has-post-thumbnail","hentry","category-gundem","category-son-dakika"],"_links":{"self":[{"href":"https:\/\/eskigazeteci.com\/index.php?rest_route=\/wp\/v2\/posts\/31211","targetHints":{"allow":["GET"]}}],"collection":[{"href":"https:\/\/eskigazeteci.com\/index.php?rest_route=\/wp\/v2\/posts"}],"about":[{"href":"https:\/\/eskigazeteci.com\/index.php?rest_route=\/wp\/v2\/types\/post"}],"author":[{"embeddable":true,"href":"https:\/\/eskigazeteci.com\/index.php?rest_route=\/wp\/v2\/users\/2"}],"replies":[{"embeddable":true,"href":"https:\/\/eskigazeteci.com\/index.php?rest_route=%2Fwp%2Fv2%2Fcomments&post=31211"}],"version-history":[{"count":0,"href":"https:\/\/eskigazeteci.com\/index.php?rest_route=\/wp\/v2\/posts\/31211\/revisions"}],"wp:featuredmedia":[{"embeddable":true,"href":"https:\/\/eskigazeteci.com\/index.php?rest_route=\/wp\/v2\/media\/31210"}],"wp:attachment":[{"href":"https:\/\/eskigazeteci.com\/index.php?rest_route=%2Fwp%2Fv2%2Fmedia&parent=31211"}],"wp:term":[{"taxonomy":"category","embeddable":true,"href":"https:\/\/eskigazeteci.com\/index.php?rest_route=%2Fwp%2Fv2%2Fcategories&post=31211"},{"taxonomy":"post_tag","embeddable":true,"href":"https:\/\/eskigazeteci.com\/index.php?rest_route=%2Fwp%2Fv2%2Ftags&post=31211"}],"curies":[{"name":"wp","href":"https:\/\/api.w.org\/{rel}","templated":true}]}}