{"id":31209,"date":"2026-05-01T05:35:38","date_gmt":"2026-05-01T05:35:38","guid":{"rendered":"https:\/\/eskigazeteci.com\/?p=31209"},"modified":"2026-05-01T05:35:38","modified_gmt":"2026-05-01T05:35:38","slug":"trumpa-saldirinin-yeni-goruntuleri-yayinlandi","status":"publish","type":"post","link":"https:\/\/eskigazeteci.com\/?p=31209","title":{"rendered":"Trump&#8217;a sald\u0131r\u0131n\u0131n yeni g\u00f6r\u00fcnt\u00fcleri yay\u0131nland\u0131"},"content":{"rendered":"<p>ABD Columbia B\u00f6lge Savc\u0131s\u0131 Jeanine Ferris Pirro, ABD Ba\u015fkan\u0131 Donald Trump ve kabine \u00fcyelerinin kat\u0131l\u0131m\u0131yla d\u00fczenlenen Beyaz Saray Muhabirleri Derne\u011fi yeme\u011fine y\u00f6nelik silahl\u0131 sald\u0131r\u0131 ve \u00f6ncesine ait yeni g\u00f6r\u00fcnt\u00fcler yay\u0131nlad\u0131.<\/p>\n<p>Soru\u015fturma dosyas\u0131na giren g\u00f6r\u00fcnt\u00fclerde sald\u0131rgan Cole Tomas Allen\u2019\u0131n sald\u0131r\u0131dan 1 g\u00fcn \u00f6nce Hilton Oteli\u2019nde ke\u015fif yapt\u0131\u011f\u0131 ve sald\u0131r\u0131 g\u00fcn\u00fc g\u00fcvenlik noktas\u0131na do\u011fru ko\u015farak bir ABD Gizli Servis ajan\u0131na ate\u015f etti\u011fi g\u00f6r\u00fcld\u00fc.<\/p>\n<p>Savc\u0131 Pirro, konuyla ilgili yapt\u0131\u011f\u0131 a\u00e7\u0131klamada, &quot;Vurulma olay\u0131n\u0131n dost ate\u015fi sonucu meydana geldi\u011fine dair herhangi bir kan\u0131t bulunmamaktad\u0131r. Ofisim, Cole Tomas Allen&#x27;\u0131 adalete teslim etmeye y\u00f6nelik kapsaml\u0131 soru\u015fturmay\u0131 FBI ile birlikte titizlikle y\u00fcr\u00fctecektir&quot; ifadelerini kulland\u0131.<\/p>\n<p>TRUMP&#x27;A SU\u0130KAST G\u0130R\u0130\u015e\u0130M\u0130<\/p>\n<p>ABD\u2019nin ba\u015fkenti Washington \u2019daki Hilton Oteli\u2019nde Trump ve kabine \u00fcyelerinin kat\u0131l\u0131m\u0131yla d\u00fczenlenen Beyaz Saray Muhabirleri Derne\u011fi yeme\u011fine silahl\u0131 yap\u0131lm\u0131\u015ft\u0131. 31 ya\u015f\u0131ndaki sald\u0131rgan Cole Tomas Allen, ko\u015farak g\u00fcvenlik noktas\u0131ndan ge\u00e7ip bir Gizli Servis ajan\u0131na ate\u015f ettikten sonra yakalanm\u0131\u015ft\u0131.<\/p>\n<p>Vurulan Gizli Servis ajan\u0131n\u0131n giydi\u011fi \u00e7elik yelek sayesinde yara almadan kurtuldu\u011fu a\u00e7\u0131klan\u0131rken, Trump ve beraberindeki kabine \u00fcyeleri&#8230;<\/p>\n","protected":false},"excerpt":{"rendered":"<p>ABD Columbia B\u00f6lge Savc\u0131s\u0131 Jeanine Ferris Pirro, Beyaz Saray Muhabirleri Derne\u011fi yeme\u011finde ABD Ba\u015fkan\u0131 Donald Trump ve \u00fcst d\u00fczey y\u00f6neticileri hedef alan&#8230;<\/p>\n","protected":false},"author":2,"featured_media":31208,"comment_status":"open","ping_status":"open","sticky":false,"template":"","format":"standard","meta":{"footnotes":""},"categories":[6,5],"tags":[],"class_list":["post-31209","post","type-post","status-publish","format-standard","has-post-thumbnail","hentry","category-gundem","category-son-dakika"],"_links":{"self":[{"href":"https:\/\/eskigazeteci.com\/index.php?rest_route=\/wp\/v2\/posts\/31209","targetHints":{"allow":["GET"]}}],"collection":[{"href":"https:\/\/eskigazeteci.com\/index.php?rest_route=\/wp\/v2\/posts"}],"about":[{"href":"https:\/\/eskigazeteci.com\/index.php?rest_route=\/wp\/v2\/types\/post"}],"author":[{"embeddable":true,"href":"https:\/\/eskigazeteci.com\/index.php?rest_route=\/wp\/v2\/users\/2"}],"replies":[{"embeddable":true,"href":"https:\/\/eskigazeteci.com\/index.php?rest_route=%2Fwp%2Fv2%2Fcomments&post=31209"}],"version-history":[{"count":0,"href":"https:\/\/eskigazeteci.com\/index.php?rest_route=\/wp\/v2\/posts\/31209\/revisions"}],"wp:featuredmedia":[{"embeddable":true,"href":"https:\/\/eskigazeteci.com\/index.php?rest_route=\/wp\/v2\/media\/31208"}],"wp:attachment":[{"href":"https:\/\/eskigazeteci.com\/index.php?rest_route=%2Fwp%2Fv2%2Fmedia&parent=31209"}],"wp:term":[{"taxonomy":"category","embeddable":true,"href":"https:\/\/eskigazeteci.com\/index.php?rest_route=%2Fwp%2Fv2%2Fcategories&post=31209"},{"taxonomy":"post_tag","embeddable":true,"href":"https:\/\/eskigazeteci.com\/index.php?rest_route=%2Fwp%2Fv2%2Ftags&post=31209"}],"curies":[{"name":"wp","href":"https:\/\/api.w.org\/{rel}","templated":true}]}}