{"id":31207,"date":"2026-05-01T05:27:11","date_gmt":"2026-05-01T05:27:11","guid":{"rendered":"https:\/\/eskigazeteci.com\/?p=31207"},"modified":"2026-05-01T05:27:11","modified_gmt":"2026-05-01T05:27:11","slug":"cehennem-necati-liderligindeki-suc-orgutune-operasyon","status":"publish","type":"post","link":"https:\/\/eskigazeteci.com\/?p=31207","title":{"rendered":"&#8216;Cehennem Necati&#8217; liderli\u011findeki su\u00e7 \u00f6rg\u00fct\u00fcne operasyon"},"content":{"rendered":"<p>\u0130stanbul Emniyet M\u00fcd\u00fcrl\u00fc\u011f\u00fc Narkotik Su\u00e7larla M\u00fccadele \u015eube M\u00fcd\u00fcrl\u00fc\u011f\u00fc\u2019nce, \u0130stanbul Cumhuriyet Ba\u015fsavc\u0131l\u0131\u011f\u0131 koordinesinde y\u00fcr\u00fct\u00fclen \u00e7al\u0131\u015fmalarda, liderli\u011fini &#x27; Cehennem Necati &#x27; ad\u0131yla tan\u0131nan Necati Arabac\u0131\u2019n\u0131n yapt\u0131\u011f\u0131 organize su\u00e7 \u00f6rg\u00fct\u00fcne y\u00f6nelik \u00f6nemli bilgilere ula\u015f\u0131ld\u0131.<\/p>\n<p>3 \u00dcLKEDE ELE GE\u00c7\u0130R\u0130LEN UYU\u015eTURUCULARLA BA\u011eLANTI<\/p>\n<p>Kriptolu haberle\u015fme program\u0131 verilerinin incelenmesinde, Almanya\u2019da ele ge\u00e7irilen 100 kilogram esrar, Brezilya\u2019da 890 kilogram kokain ve \u0130spanya\u2019da ele ge\u00e7irilen 84 kilo 400 gram esrar\u0131n \u00f6rg\u00fctle ba\u011flant\u0131l\u0131 oldu\u011fu belirlendi.<\/p>\n<p>Yap\u0131lan incelemelerde, \u00f6rg\u00fct\u00fcn silahl\u0131 bir yap\u0131ya sahip oldu\u011fu, uyu\u015fturucu ticaretinden kaynaklanan anla\u015fmazl\u0131klarda i\u015fkence ve kasten \u00f6ld\u00fcrme gibi su\u00e7lara kar\u0131\u015ft\u0131\u011f\u0131, ayr\u0131ca \u00f6rg\u00fcte menfaat sa\u011flamak amac\u0131yla d\u00fczenli para topland\u0131\u011f\u0131 ve bu gelirlerin su\u00e7 faaliyetlerinde kullan\u0131ld\u0131\u011f\u0131 belirlendi.<\/p>\n<p>\u00c7al\u0131\u015fmalar\u0131n tamamlanmas\u0131n\u0131n ard\u0131ndan bu sabah \u0130stanbul merkez olarak \u00fczere \u0130zmir ve Tunceli\u2019de belirlenen adreslere e\u015f zamanl\u0131 operasyon d\u00fczenlendi. Operasyonda 5 ki\u015fi g\u00f6zalt\u0131na al\u0131nd\u0131, 22 ta\u015f\u0131nmaz, 7 motorlu ara\u00e7 ile 8 \u015firket ve ortakl\u0131k pay\u0131 olmak \u00fczere toplam 780 milyon TL de\u011ferinde mal varl\u0131\u011f\u0131na el konuldu.<\/p>\n<p>ALMANYA&#x27;DA &#x27;HELLS ANGELS&#x27;A B\u0130N 200&#8230;<\/p>\n","protected":false},"excerpt":{"rendered":"<p>\u0130stanbul merkezli 3 ilde, &#8216;Cehennem Necati&#8217; ad\u0131yla tan\u0131nan Necati Arabac\u0131 liderli\u011findeki uluslararas\u0131 uyu\u015fturucu ticaretiyle ba\u011flant\u0131l\u0131 organize su\u00e7 \u00f6rg\u00fct\u00fc&#8230;<\/p>\n","protected":false},"author":2,"featured_media":31206,"comment_status":"open","ping_status":"open","sticky":false,"template":"","format":"standard","meta":{"footnotes":""},"categories":[6,5],"tags":[],"class_list":["post-31207","post","type-post","status-publish","format-standard","has-post-thumbnail","hentry","category-gundem","category-son-dakika"],"_links":{"self":[{"href":"https:\/\/eskigazeteci.com\/index.php?rest_route=\/wp\/v2\/posts\/31207","targetHints":{"allow":["GET"]}}],"collection":[{"href":"https:\/\/eskigazeteci.com\/index.php?rest_route=\/wp\/v2\/posts"}],"about":[{"href":"https:\/\/eskigazeteci.com\/index.php?rest_route=\/wp\/v2\/types\/post"}],"author":[{"embeddable":true,"href":"https:\/\/eskigazeteci.com\/index.php?rest_route=\/wp\/v2\/users\/2"}],"replies":[{"embeddable":true,"href":"https:\/\/eskigazeteci.com\/index.php?rest_route=%2Fwp%2Fv2%2Fcomments&post=31207"}],"version-history":[{"count":0,"href":"https:\/\/eskigazeteci.com\/index.php?rest_route=\/wp\/v2\/posts\/31207\/revisions"}],"wp:featuredmedia":[{"embeddable":true,"href":"https:\/\/eskigazeteci.com\/index.php?rest_route=\/wp\/v2\/media\/31206"}],"wp:attachment":[{"href":"https:\/\/eskigazeteci.com\/index.php?rest_route=%2Fwp%2Fv2%2Fmedia&parent=31207"}],"wp:term":[{"taxonomy":"category","embeddable":true,"href":"https:\/\/eskigazeteci.com\/index.php?rest_route=%2Fwp%2Fv2%2Fcategories&post=31207"},{"taxonomy":"post_tag","embeddable":true,"href":"https:\/\/eskigazeteci.com\/index.php?rest_route=%2Fwp%2Fv2%2Ftags&post=31207"}],"curies":[{"name":"wp","href":"https:\/\/api.w.org\/{rel}","templated":true}]}}