{"id":31205,"date":"2026-05-01T05:25:38","date_gmt":"2026-05-01T05:25:38","guid":{"rendered":"https:\/\/eskigazeteci.com\/?p=31205"},"modified":"2026-05-01T05:25:38","modified_gmt":"2026-05-01T05:25:38","slug":"fenerbahcede-skriniar-soku-rapor-belli-oldu","status":"publish","type":"post","link":"https:\/\/eskigazeteci.com\/?p=31205","title":{"rendered":"Fenerbah\u00e7e&#8217;de Skriniar \u015foku! Rapor belli oldu"},"content":{"rendered":"<p>Fenerbah\u00e7e \u2019de kul\u00fcp doktorlar\u0131, Milan Skriniar&#x27;a Ba\u015fak\u015fehir ma\u00e7\u0131nda oynayamayaca\u011f\u0131n\u0131 bildirdi.<\/p>\n<p>Skriniar&#x27;\u0131n, Be\u015fikta\u015f ma\u00e7\u0131ndan bu yana iki tendon y\u0131rt\u0131\u011f\u0131 i\u00e7eren bir kas sakatl\u0131\u011f\u0131yla oynad\u0131\u011f\u0131 ortaya \u00e7\u0131kt\u0131. Slovak oyuncunun o ma\u00e7tan itibaren y\u00fczde 50 performansla sahada yer ald\u0131\u011f\u0131 kaydedildi.<\/p>\n<p>KONYASPOR MA\u00c7INDA DA OYNAMASI ZOR<\/p>\n<p>Milan Skriniar , tak\u0131m\u0131 yar\u0131 yolda b\u0131rakmak istemedi ancak durumu her ma\u00e7 daha k\u00f6t\u00fcye gitti. Slovak stoper oyuncusunun Konya\u2019da oynama ihtimalinin de d\u00fc\u015f\u00fck oldu\u011fu aktar\u0131ld\u0131.<\/p>\n<p>Kaptan\u0131n, en az\u0131ndan Ey\u00fcpspor ma\u00e7\u0131nda forma giymeyi ama\u00e7lad\u0131\u011f\u0131 gelen bilgiler aras\u0131nda.<\/p>\n<p>T\u00fcrkiye&#x27;den ve D\u00fcnya\u2019dan son dakika haberleri, k\u00f6\u015fe yaz\u0131lar\u0131, magazinden siyasete, spordan seyahate b\u00fct\u00fcn konular\u0131n tek adresi Hurriyet.com.tr haber i\u00e7erikleri izin al\u0131nmadan, kaynak g\u00f6sterilerek dahi iktibas edilemez. Kanuna ayk\u0131r\u0131 ve izinsiz olarak kopyalanamaz, ba\u015fka yerde yay\u0131nlanamaz.<\/p>\n","protected":false},"excerpt":{"rendered":"<p>Fenerbah\u00e7e&#8217;nin tecr\u00fcbeli kaptan\u0131 Milan Skriniar&#8217;\u0131n, Be\u015fikta\u015f ma\u00e7\u0131ndan bu yana a\u011f\u0131r sakatl\u0131kla bo\u011fu\u015ftu\u011fu ortaya \u00e7\u0131kt\u0131.<\/p>\n","protected":false},"author":2,"featured_media":31204,"comment_status":"open","ping_status":"open","sticky":false,"template":"","format":"standard","meta":{"footnotes":""},"categories":[5,7],"tags":[],"class_list":["post-31205","post","type-post","status-publish","format-standard","has-post-thumbnail","hentry","category-son-dakika","category-spor"],"_links":{"self":[{"href":"https:\/\/eskigazeteci.com\/index.php?rest_route=\/wp\/v2\/posts\/31205","targetHints":{"allow":["GET"]}}],"collection":[{"href":"https:\/\/eskigazeteci.com\/index.php?rest_route=\/wp\/v2\/posts"}],"about":[{"href":"https:\/\/eskigazeteci.com\/index.php?rest_route=\/wp\/v2\/types\/post"}],"author":[{"embeddable":true,"href":"https:\/\/eskigazeteci.com\/index.php?rest_route=\/wp\/v2\/users\/2"}],"replies":[{"embeddable":true,"href":"https:\/\/eskigazeteci.com\/index.php?rest_route=%2Fwp%2Fv2%2Fcomments&post=31205"}],"version-history":[{"count":0,"href":"https:\/\/eskigazeteci.com\/index.php?rest_route=\/wp\/v2\/posts\/31205\/revisions"}],"wp:featuredmedia":[{"embeddable":true,"href":"https:\/\/eskigazeteci.com\/index.php?rest_route=\/wp\/v2\/media\/31204"}],"wp:attachment":[{"href":"https:\/\/eskigazeteci.com\/index.php?rest_route=%2Fwp%2Fv2%2Fmedia&parent=31205"}],"wp:term":[{"taxonomy":"category","embeddable":true,"href":"https:\/\/eskigazeteci.com\/index.php?rest_route=%2Fwp%2Fv2%2Fcategories&post=31205"},{"taxonomy":"post_tag","embeddable":true,"href":"https:\/\/eskigazeteci.com\/index.php?rest_route=%2Fwp%2Fv2%2Ftags&post=31205"}],"curies":[{"name":"wp","href":"https:\/\/api.w.org\/{rel}","templated":true}]}}