{"id":31203,"date":"2026-05-01T05:17:08","date_gmt":"2026-05-01T05:17:08","guid":{"rendered":"https:\/\/eskigazeteci.com\/?p=31203"},"modified":"2026-05-01T05:17:08","modified_gmt":"2026-05-01T05:17:08","slug":"selahattin-pasali-ve-lara-pasali-arasindaki-kriz-bitti-alyans-geldi","status":"publish","type":"post","link":"https:\/\/eskigazeteci.com\/?p=31203","title":{"rendered":"Selahattin Pa\u015fal\u0131 ve Lara Pa\u015fal\u0131 aras\u0131ndaki kriz bitti, alyans geldi"},"content":{"rendered":"<p>2022\u2019de nik\u00e2h masas\u0131na oturan ve ayn\u0131 y\u0131l\u0131n temmuz ay\u0131nda k\u0131zlar\u0131 Leyla Pera\u2019y\u0131 kucaklar\u0131na alan Selahattin Pa\u015fal\u0131 ile Lara Pa\u015fal\u0131, bir s\u00fcre \u00f6nce bo\u015fanacaklar\u0131 haberleriyle g\u00fcndeme gelmi\u015fti. Lara Pa\u015fal\u0131\u2019n\u0131n alyans\u0131n\u0131 \u00e7\u0131karmas\u0131 da ayr\u0131l\u0131k iddias\u0131n\u0131 g\u00fc\u00e7lendirmi\u015fti.<\/p>\n<p>Ailelerinin iste\u011fiyle \u00e7ift terapisine ba\u015flayan Lara- Selahattin Pa\u015fal\u0131 , yapt\u0131klar\u0131 ortak a\u00e7\u0131klamada ili\u015fkilerini toparlamak i\u00e7in \u00e7aba g\u00f6sterdiklerini ifade etti. Lara Pa\u015fal\u0131 \u2019n\u0131n son payla\u015f\u0131m\u0131nda alyans\u0131n\u0131 yeniden takt\u0131\u011f\u0131 g\u00f6r\u00fcld\u00fc. Bu geli\u015fme \u00e7iftin sevenlerini mutlu etti.<\/p>\n<p>T\u00fcrkiye&#x27;den ve D\u00fcnya\u2019dan son dakika haberleri, k\u00f6\u015fe yaz\u0131lar\u0131, magazinden siyasete, spordan seyahate b\u00fct\u00fcn konular\u0131n tek adresi Hurriyet.com.tr haber i\u00e7erikleri izin al\u0131nmadan, kaynak g\u00f6sterilerek dahi iktibas edilemez. Kanuna ayk\u0131r\u0131 ve izinsiz olarak kopyalanamaz, ba\u015fka yerde yay\u0131nlanamaz.<\/p>\n","protected":false},"excerpt":{"rendered":"<p>Selahattin Pa\u015fal\u0131 ve Lara Pa\u015fal\u0131 evliliklerindeki krizi a\u015fmay\u0131 ba\u015fard\u0131.<\/p>\n","protected":false},"author":2,"featured_media":31202,"comment_status":"open","ping_status":"open","sticky":false,"template":"","format":"standard","meta":{"footnotes":""},"categories":[6,5],"tags":[],"class_list":["post-31203","post","type-post","status-publish","format-standard","has-post-thumbnail","hentry","category-gundem","category-son-dakika"],"_links":{"self":[{"href":"https:\/\/eskigazeteci.com\/index.php?rest_route=\/wp\/v2\/posts\/31203","targetHints":{"allow":["GET"]}}],"collection":[{"href":"https:\/\/eskigazeteci.com\/index.php?rest_route=\/wp\/v2\/posts"}],"about":[{"href":"https:\/\/eskigazeteci.com\/index.php?rest_route=\/wp\/v2\/types\/post"}],"author":[{"embeddable":true,"href":"https:\/\/eskigazeteci.com\/index.php?rest_route=\/wp\/v2\/users\/2"}],"replies":[{"embeddable":true,"href":"https:\/\/eskigazeteci.com\/index.php?rest_route=%2Fwp%2Fv2%2Fcomments&post=31203"}],"version-history":[{"count":0,"href":"https:\/\/eskigazeteci.com\/index.php?rest_route=\/wp\/v2\/posts\/31203\/revisions"}],"wp:featuredmedia":[{"embeddable":true,"href":"https:\/\/eskigazeteci.com\/index.php?rest_route=\/wp\/v2\/media\/31202"}],"wp:attachment":[{"href":"https:\/\/eskigazeteci.com\/index.php?rest_route=%2Fwp%2Fv2%2Fmedia&parent=31203"}],"wp:term":[{"taxonomy":"category","embeddable":true,"href":"https:\/\/eskigazeteci.com\/index.php?rest_route=%2Fwp%2Fv2%2Fcategories&post=31203"},{"taxonomy":"post_tag","embeddable":true,"href":"https:\/\/eskigazeteci.com\/index.php?rest_route=%2Fwp%2Fv2%2Ftags&post=31203"}],"curies":[{"name":"wp","href":"https:\/\/api.w.org\/{rel}","templated":true}]}}