{"id":31201,"date":"2026-05-01T05:15:36","date_gmt":"2026-05-01T05:15:36","guid":{"rendered":"https:\/\/eskigazeteci.com\/?p=31201"},"modified":"2026-05-01T05:15:36","modified_gmt":"2026-05-01T05:15:36","slug":"hem-cobani-yok-hem-de-masraf-yapmiyor-hayvanlarini-boyle-izledi-buradan-cikma-imkanlari-yok","status":"publish","type":"post","link":"https:\/\/eskigazeteci.com\/?p=31201","title":{"rendered":"Hem \u00e7oban\u0131 yok hem de masraf yapm\u0131yor: Hayvanlar\u0131n\u0131 b\u00f6yle izledi &#8216;Buradan \u00e7\u0131kma imkanlar\u0131 yok&#8217;"},"content":{"rendered":"<p>T\u00fcrkiye&#x27;nin en b\u00fcy\u00fck tatl\u0131 su g\u00f6l\u00fc olan Bey\u015fehir G\u00f6l\u00fc, sadece bal\u0131k\u00e7\u0131l\u0131\u011fa de\u011fil, adalar\u0131yla hayvanc\u0131l\u0131\u011fa da ev sahipli\u011fi yap\u0131yor.<\/p>\n<p>T\u00fcrkiye&#x27;nin en b\u00fcy\u00fck tatl\u0131 su g\u00f6l\u00fc olan Bey\u015fehir G\u00f6l\u00fc, sadece bal\u0131k\u00e7\u0131l\u0131\u011fa de\u011fil, adalar\u0131yla hayvanc\u0131l\u0131\u011fa da ev sahipli\u011fi yap\u0131yor.<\/p>\n<p>Anamas Da\u011flar\u0131&#x27;n\u0131n ete\u011finde, Kurucuova Mahallesi&#x27;nde k\u0131y\u0131dan 1 kilometre a\u00e7\u0131kta bulunan Karaada, \u00e7ay\u0131rlar\u0131yla k\u00fc\u00e7\u00fckba\u015f hayvanlar i\u00e7in mera alan\u0131 sunuyor. Kurucuova Mahallesi&#x27;nde ya\u015fayan 56 ya\u015f\u0131ndaki besici Ali A\u00e7ar, m\u00fclkiyeti mahalleliye ait 100 dekarl\u0131k adaya mart ay\u0131nda 50 k\u00fc\u00e7\u00fckba\u015f hayvan\u0131n\u0131 teknelerle \u00e7\u0131kard\u0131.<\/p>\n<p>Anamas Da\u011flar\u0131&#x27;n\u0131n ete\u011finde, Kurucuova Mahallesi&#x27;nde k\u0131y\u0131dan 1 kilometre a\u00e7\u0131kta bulunan Karaada, \u00e7ay\u0131rlar\u0131yla k\u00fc\u00e7\u00fckba\u015f hayvanlar i\u00e7in mera alan\u0131 sunuyor.<\/p>\n<p>Kurucuova Mahallesi&#x27;nde ya\u015fayan 56 ya\u015f\u0131ndaki besici Ali A\u00e7ar, m\u00fclkiyeti mahalleliye ait 100 dekarl\u0131k adaya mart ay\u0131nda 50 k\u00fc\u00e7\u00fckba\u015f hayvan\u0131n\u0131 teknelerle \u00e7\u0131kard\u0131.<\/p>\n<p>Kurt, tilki ve \u00e7akal gibi y\u0131rt\u0131c\u0131lar\u0131n ula\u015famad\u0131\u011f\u0131 adada, hayvanlar \u00e7obana ihtiya\u00e7 duymadan, ye\u015fil \u00e7ay\u0131rlarda ve meyve a\u011fa\u00e7lar\u0131n\u0131n g\u00f6lgesinde besleniyor.<\/p>\n<p>Kurt, tilki ve \u00e7akal gibi y\u0131rt\u0131c\u0131lar\u0131n ula\u015famad\u0131\u011f\u0131 adada, hayvanlar \u00e7obana ihtiya\u00e7 duymadan, ye\u015fil \u00e7ay\u0131rlarda ve meyve a\u011fa\u00e7lar\u0131n\u0131n g\u00f6lgesinde&#8230;<\/p>\n","protected":false},"excerpt":{"rendered":"<p>Konya&#8217;n\u0131n Bey\u015fehir il\u00e7esinde ya\u015fayan besici Ali A\u00e7ar, 50 k\u00fc\u00e7\u00fckba\u015f hayvan\u0131n\u0131 Bey\u015fehir G\u00f6l\u00fc&#8217;ndeki adada kurt ve tilki tehdidinden uzakta, \u00e7obans\u0131z&#8230;<\/p>\n","protected":false},"author":2,"featured_media":31200,"comment_status":"open","ping_status":"open","sticky":false,"template":"","format":"standard","meta":{"footnotes":""},"categories":[6,5],"tags":[],"class_list":["post-31201","post","type-post","status-publish","format-standard","has-post-thumbnail","hentry","category-gundem","category-son-dakika"],"_links":{"self":[{"href":"https:\/\/eskigazeteci.com\/index.php?rest_route=\/wp\/v2\/posts\/31201","targetHints":{"allow":["GET"]}}],"collection":[{"href":"https:\/\/eskigazeteci.com\/index.php?rest_route=\/wp\/v2\/posts"}],"about":[{"href":"https:\/\/eskigazeteci.com\/index.php?rest_route=\/wp\/v2\/types\/post"}],"author":[{"embeddable":true,"href":"https:\/\/eskigazeteci.com\/index.php?rest_route=\/wp\/v2\/users\/2"}],"replies":[{"embeddable":true,"href":"https:\/\/eskigazeteci.com\/index.php?rest_route=%2Fwp%2Fv2%2Fcomments&post=31201"}],"version-history":[{"count":0,"href":"https:\/\/eskigazeteci.com\/index.php?rest_route=\/wp\/v2\/posts\/31201\/revisions"}],"wp:featuredmedia":[{"embeddable":true,"href":"https:\/\/eskigazeteci.com\/index.php?rest_route=\/wp\/v2\/media\/31200"}],"wp:attachment":[{"href":"https:\/\/eskigazeteci.com\/index.php?rest_route=%2Fwp%2Fv2%2Fmedia&parent=31201"}],"wp:term":[{"taxonomy":"category","embeddable":true,"href":"https:\/\/eskigazeteci.com\/index.php?rest_route=%2Fwp%2Fv2%2Fcategories&post=31201"},{"taxonomy":"post_tag","embeddable":true,"href":"https:\/\/eskigazeteci.com\/index.php?rest_route=%2Fwp%2Fv2%2Ftags&post=31201"}],"curies":[{"name":"wp","href":"https:\/\/api.w.org\/{rel}","templated":true}]}}