{"id":31195,"date":"2026-05-01T04:57:08","date_gmt":"2026-05-01T04:57:08","guid":{"rendered":"https:\/\/eskigazeteci.com\/?p=31195"},"modified":"2026-05-01T04:57:08","modified_gmt":"2026-05-01T04:57:08","slug":"bestenin-ilk-davasi-degil-miras-paylasimi-yapildi","status":"publish","type":"post","link":"https:\/\/eskigazeteci.com\/?p=31195","title":{"rendered":"Beste&#8217;nin ilk davas\u0131 de\u011fil, miras payla\u015f\u0131m\u0131 yap\u0131ld\u0131!"},"content":{"rendered":"<p>O\u011fuz a\u00e7\u0131klamas\u0131nda \u015fu ifadeleri kulland\u0131:<\/p>\n<p>Bilirki\u015fi raporu var<\/p>\n<p>\u201cS\u00f6z konusu iddialar Beste Han\u0131m taraf\u0131ndan ilk kez g\u00fcndeme getirilmiyor. Kayahan\u2019\u0131n vefat\u0131n\u0131n hemen ard\u0131ndan, 2015 y\u0131l\u0131nda Beste Han\u0131m taraf\u0131ndan ayn\u0131 iddialarla bir rapor al\u0131nm\u0131\u015f, s\u00f6zle\u015fmelerindeki imzan\u0131n sahte oldu\u011fu ve bu sebeple h\u00fck\u00fcms\u00fcz say\u0131lmalar\u0131 talebiyle dava a\u00e7\u0131lm\u0131\u015ft\u0131r. A\u00e7\u0131lan dava kapsam\u0131nda, iddialar\u0131n ger\u00e7ek d\u0131\u015f\u0131 oldu\u011funu ortaya koyan kapsaml\u0131 cevaplar sunulmu\u015f, s\u00f6zle\u015fmelere ait imzalar\u0131n Kayahan\u2019\u0131n el \u00fcr\u00fcn\u00fc oldu\u011funu a\u00e7\u0131k\u00e7a ortaya koyan bilirki\u015fi raporlar\u0131 dosyaya ibraz edilmi\u015ftir\u201d dedi.<\/p>\n<p>Miras payla\u015f\u0131m\u0131 yap\u0131ld\u0131<\/p>\n<p>\u00d6zal O\u011fuz, taraflar aras\u0131nda miras payla\u015f\u0131m s\u00f6zle\u015fmesi de imzaland\u0131\u011f\u0131n\u0131 s\u00f6yleyerek s\u00f6zlerine \u015f\u00f6yle devam etti: \u201cAyn\u0131 zamanda, taraflar aras\u0131nda, taraf vekillerinin huzurunda bir miras payla\u015f\u0131m s\u00f6zle\u015fmesi imzalanm\u0131\u015ft\u0131r. Bu anla\u015fma uyar\u0131nca, eserlerin mali haklar\u0131n\u0131n \u0130pek Han\u0131m taraf\u0131ndan y\u00f6netilece\u011fi ve imza yetkilisinin kendisi olaca\u011f\u0131 a\u00e7\u0131k\u00e7a imza alt\u0131na al\u0131nm\u0131\u015f; bu durum, taraflar ve vekilleri taraf\u0131ndan ilgili meslek birliklerine, \u015firketlere ve kurumlara usul\u00fcne uygun \u015fekilde bildirilmi\u015ftir.\u201d<\/p>\n<p>\u2018Belgelerdeki imza sahte\u2019<\/p>\n<p>Beste A\u00e7ar, \u00f6zel bir kriminal inceleme b\u00fcrosunda yap\u0131lan tetkikte,&#8230;<\/p>\n","protected":false},"excerpt":{"rendered":"<p>Beste A\u00e7ar, 3 Nisan 2015\u2019te hayat\u0131n\u0131 kaybeden babas\u0131 Kayahan\u2019\u0131n \u015fark\u0131 teliflerinin sahte imzayla \u0130pek A\u00e7ar K\u00f6m\u00fcrc\u00fc\u2019ye devredildi\u011fini iddia etti. A\u00e7ar\u2019\u0131n&#8230;<\/p>\n","protected":false},"author":2,"featured_media":31194,"comment_status":"open","ping_status":"open","sticky":false,"template":"","format":"standard","meta":{"footnotes":""},"categories":[6,5],"tags":[],"class_list":["post-31195","post","type-post","status-publish","format-standard","has-post-thumbnail","hentry","category-gundem","category-son-dakika"],"_links":{"self":[{"href":"https:\/\/eskigazeteci.com\/index.php?rest_route=\/wp\/v2\/posts\/31195","targetHints":{"allow":["GET"]}}],"collection":[{"href":"https:\/\/eskigazeteci.com\/index.php?rest_route=\/wp\/v2\/posts"}],"about":[{"href":"https:\/\/eskigazeteci.com\/index.php?rest_route=\/wp\/v2\/types\/post"}],"author":[{"embeddable":true,"href":"https:\/\/eskigazeteci.com\/index.php?rest_route=\/wp\/v2\/users\/2"}],"replies":[{"embeddable":true,"href":"https:\/\/eskigazeteci.com\/index.php?rest_route=%2Fwp%2Fv2%2Fcomments&post=31195"}],"version-history":[{"count":0,"href":"https:\/\/eskigazeteci.com\/index.php?rest_route=\/wp\/v2\/posts\/31195\/revisions"}],"wp:featuredmedia":[{"embeddable":true,"href":"https:\/\/eskigazeteci.com\/index.php?rest_route=\/wp\/v2\/media\/31194"}],"wp:attachment":[{"href":"https:\/\/eskigazeteci.com\/index.php?rest_route=%2Fwp%2Fv2%2Fmedia&parent=31195"}],"wp:term":[{"taxonomy":"category","embeddable":true,"href":"https:\/\/eskigazeteci.com\/index.php?rest_route=%2Fwp%2Fv2%2Fcategories&post=31195"},{"taxonomy":"post_tag","embeddable":true,"href":"https:\/\/eskigazeteci.com\/index.php?rest_route=%2Fwp%2Fv2%2Ftags&post=31195"}],"curies":[{"name":"wp","href":"https:\/\/api.w.org\/{rel}","templated":true}]}}