{"id":31191,"date":"2026-05-01T04:54:02","date_gmt":"2026-05-01T04:54:02","guid":{"rendered":"https:\/\/eskigazeteci.com\/?p=31191"},"modified":"2026-05-01T04:54:02","modified_gmt":"2026-05-01T04:54:02","slug":"bahari-beklerken-kis-geliyor-kar-surprizi-mayis-boyunca-hava-nasil-olacak-uzman-isimler-tarih-vererek-uyardi","status":"publish","type":"post","link":"https:\/\/eskigazeteci.com\/?p=31191","title":{"rendered":"Bahar\u0131 beklerken k\u0131\u015f geliyor: Kar s\u00fcrprizi! May\u0131s boyunca hava nas\u0131l olacak? Uzman isimler tarih vererek uyard\u0131"},"content":{"rendered":"<p>Meteoroloji Genel M\u00fcd\u00fcrl\u00fc\u011f\u00fc taraf\u0131ndan payla\u015f\u0131lan 29 Nisan-5 May\u0131s 2026 tarihlerini kapsayan 7 g\u00fcnl\u00fck hava tahmin haritas\u0131ndan derlenen bilgilere g\u00f6re, \u00fclke genelinde mevsim normallerinde seyreden hava s\u0131cakl\u0131klar\u0131 bug\u00fcnden itibaren kuzeybat\u0131dan ba\u015flayarak sert bir \u015fekilde d\u00fc\u015fecek. \u00d6zellikle 3 May\u0131s Pazar g\u00fcn\u00fcnden itibaren baz\u0131 b\u00f6lgelerde kar ya\u011f\u0131\u015f\u0131 ihtimali dikkat \u00e7ekiyor. May\u0131s ay\u0131nda h\u00e2l\u00e2 kar g\u00f6r\u00fclme olas\u0131l\u0131\u011f\u0131 \u015fa\u015fk\u0131nl\u0131k yarat\u0131rken, \u201c\u0130lkbahar bu y\u0131l gelmeyecek mi?\u201d sorusu ise en \u00e7ok merak edilenler aras\u0131nda yer al\u0131yor. \u2018NAD\u0130R G\u00d6R\u00dcLEN B\u0130R \u0130LKBAHAR S\u00dcRPR\u0130Z\u0130\u2019<\/p>\n<p>Beklenen kar ya\u011f\u0131\u015f\u0131na ili\u015fkin de\u011ferlendirmelerde bulunan \u0130stanbul Ayd\u0131n \u00dcniversitesi \u00d6\u011fretim \u00dcyesi Meteoroloji Uzman\u0131 Dr. G\u00fcven \u00d6zdemir, olay\u0131n \u015fa\u015f\u0131rt\u0131c\u0131 olmad\u0131\u011f\u0131n\u0131 belirtti. Dr. \u00d6zdemir, yapt\u0131\u011f\u0131 a\u00e7\u0131klamada \u015fu ifadeleri kulland\u0131: \u201cBu olay anormal de\u011fil. Ancak nadir g\u00f6r\u00fclen bir ilkbahar s\u00fcrprizi diyebiliriz. Zaten bu aylarda \u0130\u00e7 Anadolu\u2019nun y\u00fcksek kesimlerinde, \u00f6zellikle de may\u0131s ay\u0131n\u0131n ba\u015flar\u0131na do\u011fru kar g\u00f6rme ihtimali zaman zaman olur. Mevsimler \u015fa\u015ft\u0131 gibi yorumlar yapmak da do\u011fru de\u011fil, bu durum atmosfer dinami\u011fi ve T\u00fcrkiye\u2019nin co\u011frafi yap\u0131s\u0131yla do\u011frudan ili\u015fkili.\u201d Hava k\u00fctleleri aras\u0131ndaki etkile\u015fime de dikkat \u00e7eken Dr&#8230;.<\/p>\n","protected":false},"excerpt":{"rendered":"<p>Son tahminler, bahar\u0131n ortas\u0131nda al\u0131\u015f\u0131lmad\u0131k bir tabloya i\u015faret ediyor. T\u00fcrkiye genelinde s\u0131cakl\u0131klar h\u0131zla d\u00fc\u015ferken baz\u0131 b\u00f6lgeler i\u00e7in dikkat \u00e7eken bir&#8230;<\/p>\n","protected":false},"author":2,"featured_media":31190,"comment_status":"open","ping_status":"open","sticky":false,"template":"","format":"standard","meta":{"footnotes":""},"categories":[6,5],"tags":[],"class_list":["post-31191","post","type-post","status-publish","format-standard","has-post-thumbnail","hentry","category-gundem","category-son-dakika"],"_links":{"self":[{"href":"https:\/\/eskigazeteci.com\/index.php?rest_route=\/wp\/v2\/posts\/31191","targetHints":{"allow":["GET"]}}],"collection":[{"href":"https:\/\/eskigazeteci.com\/index.php?rest_route=\/wp\/v2\/posts"}],"about":[{"href":"https:\/\/eskigazeteci.com\/index.php?rest_route=\/wp\/v2\/types\/post"}],"author":[{"embeddable":true,"href":"https:\/\/eskigazeteci.com\/index.php?rest_route=\/wp\/v2\/users\/2"}],"replies":[{"embeddable":true,"href":"https:\/\/eskigazeteci.com\/index.php?rest_route=%2Fwp%2Fv2%2Fcomments&post=31191"}],"version-history":[{"count":0,"href":"https:\/\/eskigazeteci.com\/index.php?rest_route=\/wp\/v2\/posts\/31191\/revisions"}],"wp:featuredmedia":[{"embeddable":true,"href":"https:\/\/eskigazeteci.com\/index.php?rest_route=\/wp\/v2\/media\/31190"}],"wp:attachment":[{"href":"https:\/\/eskigazeteci.com\/index.php?rest_route=%2Fwp%2Fv2%2Fmedia&parent=31191"}],"wp:term":[{"taxonomy":"category","embeddable":true,"href":"https:\/\/eskigazeteci.com\/index.php?rest_route=%2Fwp%2Fv2%2Fcategories&post=31191"},{"taxonomy":"post_tag","embeddable":true,"href":"https:\/\/eskigazeteci.com\/index.php?rest_route=%2Fwp%2Fv2%2Ftags&post=31191"}],"curies":[{"name":"wp","href":"https:\/\/api.w.org\/{rel}","templated":true}]}}