{"id":31187,"date":"2026-05-01T04:50:58","date_gmt":"2026-05-01T04:50:58","guid":{"rendered":"https:\/\/eskigazeteci.com\/?p=31187"},"modified":"2026-05-01T04:50:58","modified_gmt":"2026-05-01T04:50:58","slug":"4-ilin-valisi-7-ilin-emniyet-muduru-degisti","status":"publish","type":"post","link":"https:\/\/eskigazeteci.com\/?p=31187","title":{"rendered":"4 ilin valisi, 7 ilin emniyet m\u00fcd\u00fcr\u00fc de\u011fi\u015fti"},"content":{"rendered":"<p>RESM\u0130 Gazete\u2019de yay\u0131mlanan kararname ile Emniyet Genel M\u00fcd\u00fcr\u00fc Mahmut Demirta\u015f merkeze al\u0131nd\u0131. Demirta\u015f\u2019\u0131n yerine Nev\u015fehir Valisi Ali Fidan getirildi. T\u0130HEK Ba\u015fkanl\u0131\u011f\u0131\u2019na atanan Ankara Valisi Vasip \u015eahin\u2019in yerine Ayd\u0131n Valisi Yakup Canbolat, Ayd\u0131n\u2019a Ad\u0131yaman Valisi Osman Varol, Ad\u0131yaman\u2019a \u0130stanbul G\u00fcng\u00f6ren Kaymakam\u0131 Abdullah K\u00fc\u00e7\u00fck ve Nev\u015fehir\u2019e G\u00f6\u00e7 \u0130daresi Ba\u015fkan\u0131 H\u00fcseyin K\u00f6k atand\u0131.<\/p>\n<p>\u2018N\u00dcFUS\u2019A YEN\u0130 \u0130S\u0130M<\/p>\n<p>\u0130\u00e7i\u015fleri Bakanl\u0131\u011f\u0131 Personel Genel M\u00fcd\u00fcrl\u00fc\u011f\u00fc\u2019ne Personel Genel M\u00fcd\u00fcr Yard\u0131mc\u0131s\u0131 Mehmet G\u00f6khan Zengin, N\u00fcfus ve Vatanda\u015fl\u0131k \u0130\u015fleri Genel M\u00fcd\u00fcrl\u00fc\u011f\u00fcne N\u00fcfus ve Vatanda\u015fl\u0131k \u0130\u015fleri Genel M\u00fcd\u00fcr Yard\u0131mc\u0131s\u0131 Mehmet Levent Kep\u00e7eli getirildi.<\/p>\n<p>Mahmut Demirta\u015f<\/p>\n<p>MERKEZE ALINDILAR<\/p>\n<p>Ankara \u0130l Emniyet M\u00fcd\u00fcr\u00fc Engin Din\u00e7, Mersin \u0130l Emniyet M\u00fcd\u00fcr\u00fc \u0130dris Y\u0131lmaz ve Siirt \u0130l Emniyet M\u00fcd\u00fcr\u00fc Necmettin \u00d6zt\u00fcrk merkeze al\u0131nd\u0131. Ankara\u2019ya Konya \u0130l Emniyet M\u00fcd\u00fcr\u00fc Maksut Y\u00fcksek, Konya\u2019ya Yozgat \u0130l Emniyet M\u00fcd\u00fcr\u00fc Necmettin Ko\u00e7 , Mersin\u2019e Manisa \u0130l Emniyet M\u00fcd\u00fcr\u00fc Fahri Akta\u015f, Manisa\u2019ya Elaz\u0131\u011f \u0130l Emniyet M\u00fcd\u00fcr\u00fc Adnan Karayel, Elaz\u0131\u011f\u2019a Polis Ba\u015fm\u00fcfetti\u015fi Ayd\u0131n Karan, Yozgat\u2019a Polis Ba\u015fm\u00fcfetti\u015fi Tuncay Pekin ve Siirt\u2019e Polis Meslek E\u011fitim Merkezi M\u00fcd\u00fcr\u00fc Mehmet \u00d6zdemir atand\u0131.<\/p>\n<p>S\u0130V\u0130L ORGENERAL<\/p>\n<p>Emniyet Genel M\u00fcd\u00fcr\u00fc&#8230;<\/p>\n","protected":false},"excerpt":{"rendered":"<p>\u0130\u00e7i\u015fleri Bakan\u0131 Mustafa \u00c7ift\u00e7i\u2019nin bakanl\u0131k g\u00f6revine atanmas\u0131n\u0131n ard\u0131ndan ilk b\u00fcy\u00fck de\u011fi\u015fim Ankara\u2019da oldu. 4 ilin valisi 7 ilin de emniyet m\u00fcd\u00fcr\u00fc de\u011fi\u015fti.<\/p>\n","protected":false},"author":2,"featured_media":31186,"comment_status":"open","ping_status":"open","sticky":false,"template":"","format":"standard","meta":{"footnotes":""},"categories":[6,5],"tags":[],"class_list":["post-31187","post","type-post","status-publish","format-standard","has-post-thumbnail","hentry","category-gundem","category-son-dakika"],"_links":{"self":[{"href":"https:\/\/eskigazeteci.com\/index.php?rest_route=\/wp\/v2\/posts\/31187","targetHints":{"allow":["GET"]}}],"collection":[{"href":"https:\/\/eskigazeteci.com\/index.php?rest_route=\/wp\/v2\/posts"}],"about":[{"href":"https:\/\/eskigazeteci.com\/index.php?rest_route=\/wp\/v2\/types\/post"}],"author":[{"embeddable":true,"href":"https:\/\/eskigazeteci.com\/index.php?rest_route=\/wp\/v2\/users\/2"}],"replies":[{"embeddable":true,"href":"https:\/\/eskigazeteci.com\/index.php?rest_route=%2Fwp%2Fv2%2Fcomments&post=31187"}],"version-history":[{"count":0,"href":"https:\/\/eskigazeteci.com\/index.php?rest_route=\/wp\/v2\/posts\/31187\/revisions"}],"wp:featuredmedia":[{"embeddable":true,"href":"https:\/\/eskigazeteci.com\/index.php?rest_route=\/wp\/v2\/media\/31186"}],"wp:attachment":[{"href":"https:\/\/eskigazeteci.com\/index.php?rest_route=%2Fwp%2Fv2%2Fmedia&parent=31187"}],"wp:term":[{"taxonomy":"category","embeddable":true,"href":"https:\/\/eskigazeteci.com\/index.php?rest_route=%2Fwp%2Fv2%2Fcategories&post=31187"},{"taxonomy":"post_tag","embeddable":true,"href":"https:\/\/eskigazeteci.com\/index.php?rest_route=%2Fwp%2Fv2%2Ftags&post=31187"}],"curies":[{"name":"wp","href":"https:\/\/api.w.org\/{rel}","templated":true}]}}