{"id":31185,"date":"2026-05-01T04:49:27","date_gmt":"2026-05-01T04:49:27","guid":{"rendered":"https:\/\/eskigazeteci.com\/?p=31185"},"modified":"2026-05-01T04:49:27","modified_gmt":"2026-05-01T04:49:27","slug":"erdogan-iscileri-kabul-ediyor-gereksinimleri-temsilciyle-birlikte-yurudum","status":"publish","type":"post","link":"https:\/\/eskigazeteci.com\/?p=31185","title":{"rendered":"Erdo\u011fan, \u0130\u015f\u00e7ileri Kabul Ediyor: Gereksinimleri Temsilciyle Birlikte Y\u00fcr\u00fcd\u00fcm"},"content":{"rendered":"<p>Erdo\u011fan, g\u00f6r\u00fc\u015fmede \u015funlar\u0131 s\u00f6yledi:<\/p>\n","protected":false},"excerpt":{"rendered":"<p>Tayyip Erdo\u011fan, 1 May\u0131s Emek ve Dayan\u0131\u015fma G\u00fcn\u00fc&#8217;nde Be\u015ftepe&#8217;ye i\u015f\u00e7i ve i\u015fverenlerini kabul etti.<\/p>\n","protected":false},"author":2,"featured_media":31184,"comment_status":"open","ping_status":"open","sticky":false,"template":"","format":"standard","meta":{"footnotes":""},"categories":[6,5],"tags":[],"class_list":["post-31185","post","type-post","status-publish","format-standard","has-post-thumbnail","hentry","category-gundem","category-son-dakika"],"_links":{"self":[{"href":"https:\/\/eskigazeteci.com\/index.php?rest_route=\/wp\/v2\/posts\/31185","targetHints":{"allow":["GET"]}}],"collection":[{"href":"https:\/\/eskigazeteci.com\/index.php?rest_route=\/wp\/v2\/posts"}],"about":[{"href":"https:\/\/eskigazeteci.com\/index.php?rest_route=\/wp\/v2\/types\/post"}],"author":[{"embeddable":true,"href":"https:\/\/eskigazeteci.com\/index.php?rest_route=\/wp\/v2\/users\/2"}],"replies":[{"embeddable":true,"href":"https:\/\/eskigazeteci.com\/index.php?rest_route=%2Fwp%2Fv2%2Fcomments&post=31185"}],"version-history":[{"count":0,"href":"https:\/\/eskigazeteci.com\/index.php?rest_route=\/wp\/v2\/posts\/31185\/revisions"}],"wp:featuredmedia":[{"embeddable":true,"href":"https:\/\/eskigazeteci.com\/index.php?rest_route=\/wp\/v2\/media\/31184"}],"wp:attachment":[{"href":"https:\/\/eskigazeteci.com\/index.php?rest_route=%2Fwp%2Fv2%2Fmedia&parent=31185"}],"wp:term":[{"taxonomy":"category","embeddable":true,"href":"https:\/\/eskigazeteci.com\/index.php?rest_route=%2Fwp%2Fv2%2Fcategories&post=31185"},{"taxonomy":"post_tag","embeddable":true,"href":"https:\/\/eskigazeteci.com\/index.php?rest_route=%2Fwp%2Fv2%2Ftags&post=31185"}],"curies":[{"name":"wp","href":"https:\/\/api.w.org\/{rel}","templated":true}]}}