{"id":31183,"date":"2026-05-01T04:47:59","date_gmt":"2026-05-01T04:47:59","guid":{"rendered":"https:\/\/eskigazeteci.com\/?p=31183"},"modified":"2026-05-01T04:47:59","modified_gmt":"2026-05-01T04:47:59","slug":"hayalleri-yarim-kaldi","status":"publish","type":"post","link":"https:\/\/eskigazeteci.com\/?p=31183","title":{"rendered":"Hayalleri yar\u0131m kald\u0131"},"content":{"rendered":"<p>BURSA \u2019da Hakk\u0131 \u00c7etin (49), so\u011fuk hava deposu bulunan Elif \u00c7al\u0131\u015fkan\u2019a (40) armut satt\u0131. \u00d6demesini yapan \u00c7al\u0131\u015fkan\u2019dan ihracatta kullan\u0131lan 5 milyon TL\u2019lik armut kasas\u0131 sat\u0131n alan Hakk\u0131 \u00c7etin ise borcunu \u00f6demedi. \u00c7al\u0131\u015fkan, \u0130stanbul Barosu\u2019na kay\u0131tl\u0131 avukat olan k\u0131z karde\u015fi Hatice Kocaefe (26) arac\u0131l\u0131\u011f\u0131yla hukuki s\u00fcre\u00e7 ba\u015flat\u0131nca, Hakk\u0131 \u00c7etin ile aralar\u0131nda husumet olu\u015ftu. Yine iddiaya g\u00f6re k\u0131z karde\u015fleri telefonda tehdit eden \u00c7etin, hakk\u0131nda ba\u015flat\u0131lan icra takibinin geri \u00e7ekilmesini istedi. Kocaefe ise olumsuz yan\u0131t verip hukuki s\u00fcrecin devam edece\u011fini belirtti.<\/p>\n<p>5 SU\u00c7 KAYDI OLAN KAT\u0130L YAKALANDI<\/p>\n<p>\u0130ki k\u0131z karde\u015f, pazartesi g\u00fcn\u00fc 17.00 s\u0131ralar\u0131nda, babalar\u0131 Rahmi Kocaefe ve erkek karde\u015fleri Muammer Kocaefe ile birlikte sahibi olduklar\u0131 G\u00fcrsu il\u00e7esi A\u011fak\u00f6y Mahallesi\u2019ndeki so\u011fuk hava deposuna y\u00fcr\u00fcyerek gittikleri s\u0131rada, otomobille \u00f6nlerini kesen Hakk\u0131 \u00c7etin\u2019in silahl\u0131 sald\u0131r\u0131s\u0131na u\u011frad\u0131lar. \u00c7etin sald\u0131r\u0131n\u0131n ard\u0131ndan otomobille ka\u00e7arken, Elif \u00c7al\u0131\u015fkan dizine, Hatice Kocaefe ise g\u00f6\u011fs\u00fcne isabet eden kur\u015funla yaraland\u0131. Hastaneye kald\u0131r\u0131lan Hatice Kocaefe, t\u00fcm m\u00fcdahaleye ra\u011fmen kurtar\u0131lamad\u0131. Tedaviye al\u0131nan Elif \u00c7al\u0131\u015fkan\u2019\u0131n sa\u011fl\u0131k durumunun iyi oldu\u011fu \u00f6\u011frenildi.<\/p>\n<p>Olay sonras\u0131 jandarma 2&#8230;<\/p>\n","protected":false},"excerpt":{"rendered":"<p>\u0130cra davas\u0131 a\u00e7t\u0131\u011f\u0131 Hakk\u0131 \u00c7etin\u2019in silahl\u0131 sald\u0131r\u0131s\u0131nda ya\u015fam\u0131n\u0131 yitiren avukat Hatice Kocaefe\u2019nin babas\u0131 Rahmi Kocaefe, k\u0131z\u0131n\u0131n b\u00fcy\u00fck hayalleri oldu\u011funu&#8230;<\/p>\n","protected":false},"author":2,"featured_media":31182,"comment_status":"open","ping_status":"open","sticky":false,"template":"","format":"standard","meta":{"footnotes":""},"categories":[6,5],"tags":[],"class_list":["post-31183","post","type-post","status-publish","format-standard","has-post-thumbnail","hentry","category-gundem","category-son-dakika"],"_links":{"self":[{"href":"https:\/\/eskigazeteci.com\/index.php?rest_route=\/wp\/v2\/posts\/31183","targetHints":{"allow":["GET"]}}],"collection":[{"href":"https:\/\/eskigazeteci.com\/index.php?rest_route=\/wp\/v2\/posts"}],"about":[{"href":"https:\/\/eskigazeteci.com\/index.php?rest_route=\/wp\/v2\/types\/post"}],"author":[{"embeddable":true,"href":"https:\/\/eskigazeteci.com\/index.php?rest_route=\/wp\/v2\/users\/2"}],"replies":[{"embeddable":true,"href":"https:\/\/eskigazeteci.com\/index.php?rest_route=%2Fwp%2Fv2%2Fcomments&post=31183"}],"version-history":[{"count":0,"href":"https:\/\/eskigazeteci.com\/index.php?rest_route=\/wp\/v2\/posts\/31183\/revisions"}],"wp:featuredmedia":[{"embeddable":true,"href":"https:\/\/eskigazeteci.com\/index.php?rest_route=\/wp\/v2\/media\/31182"}],"wp:attachment":[{"href":"https:\/\/eskigazeteci.com\/index.php?rest_route=%2Fwp%2Fv2%2Fmedia&parent=31183"}],"wp:term":[{"taxonomy":"category","embeddable":true,"href":"https:\/\/eskigazeteci.com\/index.php?rest_route=%2Fwp%2Fv2%2Fcategories&post=31183"},{"taxonomy":"post_tag","embeddable":true,"href":"https:\/\/eskigazeteci.com\/index.php?rest_route=%2Fwp%2Fv2%2Ftags&post=31183"}],"curies":[{"name":"wp","href":"https:\/\/api.w.org\/{rel}","templated":true}]}}