{"id":31181,"date":"2026-05-01T04:46:26","date_gmt":"2026-05-01T04:46:26","guid":{"rendered":"https:\/\/eskigazeteci.com\/?p=31181"},"modified":"2026-05-01T04:46:26","modified_gmt":"2026-05-01T04:46:26","slug":"gulistanin-ailesinden-dna-ornegi-alindi-o-aracta-iz-aranacak","status":"publish","type":"post","link":"https:\/\/eskigazeteci.com\/?p=31181","title":{"rendered":"G\u00fclistan\u2019\u0131n ailesinden DNA \u00f6rne\u011fi al\u0131nd\u0131&#8230; O ara\u00e7ta iz aranacak"},"content":{"rendered":"<p>B A\u015eSAVCI Ebru Cansu\u2019nun y\u00fcr\u00fctt\u00fc\u011f\u00fc ve 12 ki\u015finin tutuklanarak cezaevine g\u00f6nderildi\u011fi G\u00fclistan Doku soru\u015fturmas\u0131nda yeni bir geli\u015fme ya\u015fand\u0131. Erzurum Cumhuriyet Ba\u015fsavc\u0131l\u0131\u011f\u0131, tutuklu Mustafa T\u00fcrkay Sonel\u2019in arac\u0131nda \u00e7\u0131kan DNA \u00f6rnekleriyle ilgili aileden DNA \u00f6rne\u011fi al\u0131nmas\u0131na karar verdi. Karar\u0131n ard\u0131ndan G\u00fclistan Doku\u2019nun annesi Bedriye Doku ile babas\u0131 Halit Doku\u2019dan Diyarbak\u0131r Adli T\u0131p Kurumu\u2019nda kan, t\u0131rnak ve sa\u00e7 \u00f6rnekleri al\u0131nd\u0131. Al\u0131nan \u00f6rnekler, ara\u00e7ta tespit edilen DNA bulgular\u0131yla kar\u015f\u0131la\u015ft\u0131r\u0131lacak.<\/p>\n<p>AYNI MODEL VE RENKTE BA\u015eKA ARA\u00c7 ALMI\u015eTI<\/p>\n<p>Soru\u015fturma dosyas\u0131ndaki tespitlere g\u00f6re, eski Mustafa T\u00fcrkay Sonel\u2019in o d\u00f6nemde BMW marka bir arac\u0131 vard\u0131. Plaka Tan\u0131ma Sistemi (PTS) kay\u0131tlar\u0131ndan da Sonel ve yak\u0131n arkada\u015f\u0131 Umut Alta\u015f\u2019\u0131n G\u00fclistan\u2019\u0131n kayboldu\u011fu g\u00fcn bu arac\u0131 kulland\u0131\u011f\u0131 saptand\u0131. Gizli tan\u0131k da G\u00fclistan Doku\u2019nun cesedinin bu ara\u00e7la \u2018ta\u015f\u0131nm\u0131\u015f olabilece\u011fini\u2019 iddia ediyordu. Erzurum Cumhuriyet Ba\u015fsavc\u0131l\u0131\u011f\u0131 dosyadaki ifade ve di\u011fer verileri de dikkate alarak ara\u00e7ta DNA incelemesi yap\u0131lmas\u0131na karar verdi. Bu s\u00fcre\u00e7te Mustafa T\u00fcrkay Sonel\u2019in o d\u00f6nemde kulland\u0131\u011f\u0131 BMW marka arac\u0131 birka\u00e7 y\u0131l \u00f6nce satt\u0131\u011f\u0131 ve yerine de yine ayn\u0131 marka, ayn\u0131 model ve ayn\u0131 renk bir ara\u00e7 ald\u0131\u011f\u0131, \u00f6nceki&#8230;<\/p>\n","protected":false},"excerpt":{"rendered":"<p>\u2018Kasten \u00f6ld\u00fcrme\u2019 su\u00e7undan tutuklanan d\u00f6nemin valisi Tuncay Sonel\u2019in o\u011flu Mustafa T\u00fcrkay Sonel\u2019in satt\u0131\u011f\u0131 arac\u0131nda yap\u0131lan incelemelerde DNA \u00f6rnekleri&#8230;<\/p>\n","protected":false},"author":2,"featured_media":31180,"comment_status":"open","ping_status":"open","sticky":false,"template":"","format":"standard","meta":{"footnotes":""},"categories":[6,5],"tags":[],"class_list":["post-31181","post","type-post","status-publish","format-standard","has-post-thumbnail","hentry","category-gundem","category-son-dakika"],"_links":{"self":[{"href":"https:\/\/eskigazeteci.com\/index.php?rest_route=\/wp\/v2\/posts\/31181","targetHints":{"allow":["GET"]}}],"collection":[{"href":"https:\/\/eskigazeteci.com\/index.php?rest_route=\/wp\/v2\/posts"}],"about":[{"href":"https:\/\/eskigazeteci.com\/index.php?rest_route=\/wp\/v2\/types\/post"}],"author":[{"embeddable":true,"href":"https:\/\/eskigazeteci.com\/index.php?rest_route=\/wp\/v2\/users\/2"}],"replies":[{"embeddable":true,"href":"https:\/\/eskigazeteci.com\/index.php?rest_route=%2Fwp%2Fv2%2Fcomments&post=31181"}],"version-history":[{"count":0,"href":"https:\/\/eskigazeteci.com\/index.php?rest_route=\/wp\/v2\/posts\/31181\/revisions"}],"wp:featuredmedia":[{"embeddable":true,"href":"https:\/\/eskigazeteci.com\/index.php?rest_route=\/wp\/v2\/media\/31180"}],"wp:attachment":[{"href":"https:\/\/eskigazeteci.com\/index.php?rest_route=%2Fwp%2Fv2%2Fmedia&parent=31181"}],"wp:term":[{"taxonomy":"category","embeddable":true,"href":"https:\/\/eskigazeteci.com\/index.php?rest_route=%2Fwp%2Fv2%2Fcategories&post=31181"},{"taxonomy":"post_tag","embeddable":true,"href":"https:\/\/eskigazeteci.com\/index.php?rest_route=%2Fwp%2Fv2%2Ftags&post=31181"}],"curies":[{"name":"wp","href":"https:\/\/api.w.org\/{rel}","templated":true}]}}