{"id":31179,"date":"2026-05-01T04:44:52","date_gmt":"2026-05-01T04:44:52","guid":{"rendered":"https:\/\/eskigazeteci.com\/?p=31179"},"modified":"2026-05-01T04:44:52","modified_gmt":"2026-05-01T04:44:52","slug":"atinanin-karin-agrisi-turk-bogazlari","status":"publish","type":"post","link":"https:\/\/eskigazeteci.com\/?p=31179","title":{"rendered":"Atina\u2019n\u0131n kar\u0131n a\u011fr\u0131s\u0131 \u2018T\u00fcrk Bo\u011fazlar\u0131\u2019"},"content":{"rendered":"<p>Birle\u015fmi\u015f Milletler (BM) raporlar\u0131nda ve uluslararas\u0131 denizcilik metinlerinde s\u0131k\u00e7a kullan\u0131lan \u201cT\u00fcrk Bo\u011fazlar\u0131\u201d ifadesi, Atina \u2019n\u0131n kar\u0131n a\u011fr\u0131s\u0131na yol a\u00e7t\u0131. BM G\u00fcvenlik Konseyi\u2019nin Bahreyn\u2019in ev sahipli\u011finde d\u00fczenlenen deniz g\u00fcvenli\u011fi konulu toplant\u0131s\u0131nda, T\u00fcrkiye\u2019nin Daimi Temsilcisi Ahmet Y\u0131ld\u0131z\u2019\u0131n konu\u015fmas\u0131nda \u201cT\u00fcrk Bo\u011fazlar\u0131\u201d ifadesini kullanmas\u0131 Yunan heyetini rahats\u0131z etti.<\/p>\n<p>Tart\u0131\u015fma, toplant\u0131 salonunda k\u0131sa s\u00fcreli diplomatik bir terminoloji polemi\u011fine d\u00f6n\u00fc\u015ft\u00fc. \u0130ki taraf aras\u0131nda polemik, T\u00fcrkiye\u2019nin Daimi Temsilcisi\u2019nin s\u00f6z alarak \u201cT\u00fcrk Bo\u011fazlar\u0131 \u00fczerinden transit rejimi, 1936\u2019dan beri Karadeniz\u2019de k\u0131y\u0131 \u00fclkeleri ile k\u0131y\u0131 d\u0131\u015f\u0131 \u00fclkeler aras\u0131nda siyasi ve askeri dengeyi kuran Montr\u00f6 S\u00f6zle\u015fmesi ile d\u00fczenlenmektedir\u201d demesiyle ba\u015flad\u0131.<\/p>\n<p>Bu ifadelerden rahats\u0131z olan Yunanistan\u2019\u0131n BM Daimi Temsilcisi Ioannis Stamatekos ise itirazda bulundu. \u201c T\u00fcrk Bo\u011fazlar\u0131 \u201d kullan\u0131m\u0131n\u0131n 1936 tarihli Montr\u00f6 Bo\u011fazlar S\u00f6zle\u015fmesi ile uyumlu olmad\u0131\u011f\u0131n\u0131 ileri s\u00fcren Stamatekos, \u201cMontr\u00f6 S\u00f6zle\u015fmesi\u2019ne g\u00f6re kullan\u0131lan terminoloji \u2018bo\u011fazlar\u2019d\u0131r ve \u00f6zellikle \u2018\u00c7anakkale Bo\u011faz\u0131, Marmara Denizi ve \u0130stanbul Bo\u011faz\u0131\u2019d\u0131r\u201d dedi. Yunan taraf\u0131 itiraz ededursun, Montr\u00f6 S\u00f6zle\u015fmesi terminoloji dayatm\u0131yor; esas olarak&#8230;<\/p>\n","protected":false},"excerpt":{"rendered":"<p>T\u00fcrkiye ile Ege ve Do\u011fu Akdeniz\u2019deki deniz alanlar\u0131 konusunda s\u00fcrekli \u00e7eki\u015fme ya\u015fayan Atina y\u00f6netimi \u015fimdi de \u201cT\u00fcrk Bo\u011fazlar\u0131\u201d terimine takt\u0131.<\/p>\n","protected":false},"author":2,"featured_media":31178,"comment_status":"open","ping_status":"open","sticky":false,"template":"","format":"standard","meta":{"footnotes":""},"categories":[6,5],"tags":[],"class_list":["post-31179","post","type-post","status-publish","format-standard","has-post-thumbnail","hentry","category-gundem","category-son-dakika"],"_links":{"self":[{"href":"https:\/\/eskigazeteci.com\/index.php?rest_route=\/wp\/v2\/posts\/31179","targetHints":{"allow":["GET"]}}],"collection":[{"href":"https:\/\/eskigazeteci.com\/index.php?rest_route=\/wp\/v2\/posts"}],"about":[{"href":"https:\/\/eskigazeteci.com\/index.php?rest_route=\/wp\/v2\/types\/post"}],"author":[{"embeddable":true,"href":"https:\/\/eskigazeteci.com\/index.php?rest_route=\/wp\/v2\/users\/2"}],"replies":[{"embeddable":true,"href":"https:\/\/eskigazeteci.com\/index.php?rest_route=%2Fwp%2Fv2%2Fcomments&post=31179"}],"version-history":[{"count":0,"href":"https:\/\/eskigazeteci.com\/index.php?rest_route=\/wp\/v2\/posts\/31179\/revisions"}],"wp:featuredmedia":[{"embeddable":true,"href":"https:\/\/eskigazeteci.com\/index.php?rest_route=\/wp\/v2\/media\/31178"}],"wp:attachment":[{"href":"https:\/\/eskigazeteci.com\/index.php?rest_route=%2Fwp%2Fv2%2Fmedia&parent=31179"}],"wp:term":[{"taxonomy":"category","embeddable":true,"href":"https:\/\/eskigazeteci.com\/index.php?rest_route=%2Fwp%2Fv2%2Fcategories&post=31179"},{"taxonomy":"post_tag","embeddable":true,"href":"https:\/\/eskigazeteci.com\/index.php?rest_route=%2Fwp%2Fv2%2Ftags&post=31179"}],"curies":[{"name":"wp","href":"https:\/\/api.w.org\/{rel}","templated":true}]}}