{"id":31177,"date":"2026-05-01T04:43:20","date_gmt":"2026-05-01T04:43:20","guid":{"rendered":"https:\/\/eskigazeteci.com\/?p=31177"},"modified":"2026-05-01T04:43:20","modified_gmt":"2026-05-01T04:43:20","slug":"haydut-israilden-yardim-filosuna-baskin-18-turk-aktivist-de-kacirilanlar-arasinda","status":"publish","type":"post","link":"https:\/\/eskigazeteci.com\/?p=31177","title":{"rendered":"Haydut \u0130srail\u2019den yard\u0131m filosuna bask\u0131n&#8230; 18 T\u00fcrk aktivist de ka\u00e7\u0131r\u0131lanlar aras\u0131nda"},"content":{"rendered":"<p>\u0130SRA\u0130L\u2019in Filistin ve L\u00fcbnan\u2019a y\u00f6nelik haydutlu\u011fu Akdeniz\u2019e de ta\u015ft\u0131. Gazze \u015eeridi\u2019ne insani yard\u0131m ula\u015ft\u0131rmak amac\u0131yla yola \u00e7\u0131kan K\u00fcresel Sumud Filosu\u2019na, Girit Adas\u0131\u2019n\u0131n bat\u0131s\u0131nda Yunanistan karasular\u0131na yakla\u015f\u0131k 54 mil kala \u0130srail\u2019e ait sava\u015f gemileri ve dronlar taraf\u0131ndan bask\u0131n yap\u0131ld\u0131. 21 tekneye el koyulurken aralar\u0131nda 18 T\u00fcrk aktivistin de bulundu\u011fu 175 Filistin g\u00f6n\u00fcll\u00fcs\u00fc \u0130srail\u2019e ka\u00e7\u0131r\u0131ld\u0131. \u0130srail D\u0131\u015fi\u015fleri Bakanl\u0131\u011f\u0131, al\u0131koyulan aktivistlerin Yunanistan h\u00fck\u00fcmetiyle yap\u0131lan anla\u015fma sonucu Girit\u2019teki Lasithi Liman\u0131\u2019na b\u0131rak\u0131lacaklar\u0131n\u0131 a\u00e7\u0131klad\u0131. Daha \u00f6nceki a\u00e7\u0131klamada aktivistlerin \u0130srail\u2019in A\u015fdod liman\u0131na g\u00f6t\u00fcr\u00fclece\u011fi bildirilmi\u015fti. Yunan D\u0131\u015fi\u015fleri Bakanl\u0131\u011f\u0131, al\u0131koyulan aktivistlerin \u00fclkelerine g\u00fcvenli \u015fekilde geri d\u00f6nmelerini sa\u011flamay\u0131 \u00fcstlenerek iyi niyetli arabuluculuk teklifinde bulunduklar\u0131n\u0131 \u00f6ne s\u00fcrd\u00fc.<\/p>\n<p>K\u00fcresel Sumud Filosu\u2019nda 39 farkl\u0131 \u00fclkeden 345 kat\u0131l\u0131mc\u0131 bulunuyor. \u0130kinci kez Gazze\u2019ye gitme giri\u015fimi ba\u015flatan Filo, Eyl\u00fcl 2025\u2019teki ilk denemesinin ard\u0131ndan kat\u0131l\u0131m\u0131n\u0131 neredeyse iki kat artt\u0131rd\u0131. Gazze\u2019ye do\u011fru ilerleyen gemilerdeki T\u00fcrk aktivistlerden Fatma Zengin ve Mehmet Yasir Cebeci son durumu H\u00fcrriyet\u2019e anlatt\u0131.<\/p>\n<p>\u2018BASKINI BURADA BEKLEM\u0130YORDUK\u2019<\/p>\n<p>Cactus&#8230;<\/p>\n","protected":false},"excerpt":{"rendered":"<p>\u0130srail, Gazze\u2019ye insani yard\u0131m g\u00f6t\u00fcren K\u00fcresel Sumud Filosu\u2019na Yunanistan a\u00e7\u0131klar\u0131ndaki uluslararas\u0131 sularda m\u00fcdahale ederek bir haydutlu\u011fa daha imza att\u0131&#8230;.<\/p>\n","protected":false},"author":2,"featured_media":31176,"comment_status":"open","ping_status":"open","sticky":false,"template":"","format":"standard","meta":{"footnotes":""},"categories":[6,5],"tags":[],"class_list":["post-31177","post","type-post","status-publish","format-standard","has-post-thumbnail","hentry","category-gundem","category-son-dakika"],"_links":{"self":[{"href":"https:\/\/eskigazeteci.com\/index.php?rest_route=\/wp\/v2\/posts\/31177","targetHints":{"allow":["GET"]}}],"collection":[{"href":"https:\/\/eskigazeteci.com\/index.php?rest_route=\/wp\/v2\/posts"}],"about":[{"href":"https:\/\/eskigazeteci.com\/index.php?rest_route=\/wp\/v2\/types\/post"}],"author":[{"embeddable":true,"href":"https:\/\/eskigazeteci.com\/index.php?rest_route=\/wp\/v2\/users\/2"}],"replies":[{"embeddable":true,"href":"https:\/\/eskigazeteci.com\/index.php?rest_route=%2Fwp%2Fv2%2Fcomments&post=31177"}],"version-history":[{"count":0,"href":"https:\/\/eskigazeteci.com\/index.php?rest_route=\/wp\/v2\/posts\/31177\/revisions"}],"wp:featuredmedia":[{"embeddable":true,"href":"https:\/\/eskigazeteci.com\/index.php?rest_route=\/wp\/v2\/media\/31176"}],"wp:attachment":[{"href":"https:\/\/eskigazeteci.com\/index.php?rest_route=%2Fwp%2Fv2%2Fmedia&parent=31177"}],"wp:term":[{"taxonomy":"category","embeddable":true,"href":"https:\/\/eskigazeteci.com\/index.php?rest_route=%2Fwp%2Fv2%2Fcategories&post=31177"},{"taxonomy":"post_tag","embeddable":true,"href":"https:\/\/eskigazeteci.com\/index.php?rest_route=%2Fwp%2Fv2%2Ftags&post=31177"}],"curies":[{"name":"wp","href":"https:\/\/api.w.org\/{rel}","templated":true}]}}