{"id":31173,"date":"2026-05-01T04:41:08","date_gmt":"2026-05-01T04:41:08","guid":{"rendered":"https:\/\/eskigazeteci.com\/?p=31173"},"modified":"2026-05-01T04:41:08","modified_gmt":"2026-05-01T04:41:08","slug":"trumpin-ablukasi-sonuc-veriyor-mu-iranda-fazla-petrol-krizi","status":"publish","type":"post","link":"https:\/\/eskigazeteci.com\/?p=31173","title":{"rendered":"Trump\u2019\u0131n ablukas\u0131 sonu\u00e7 veriyor mu? \u0130ran\u2019da \u2018fazla petrol\u2019 krizi"},"content":{"rendered":"<p>\u0130ran sava\u015f\u0131n\u0131n ba\u015flang\u0131c\u0131ndan itibaren kilit konumda bulunan ve Tahran y\u00f6netiminin ABD\u2019ye kar\u015f\u0131 manevra alan\u0131n\u0131 geni\u015fleten H\u00fcrm\u00fcz Bo\u011faz\u0131 , Washington\u2019\u0131n kar\u015f\u0131 abluka hamlesiyle dengeleri de\u011fi\u015ftirmi\u015f olabilir. Petrol gelirlerinden mahrum kalan \u0130ran, ayn\u0131 zamanda \u00fcretilen petrol\u00fcn ihra\u00e7 edilememesinden kaynaklanan depolama krizi ile kar\u015f\u0131 kar\u015f\u0131ya. ABD\u2019nin beklentisi, sava\u015f \u00f6ncesinde dahi ekonomik darbo\u011fazda olan \u00fclkede H\u00fcrm\u00fcz ablukas\u0131 ile mali ve ekonomik sorunlar\u0131 derinle\u015ftirerek \u0130ran y\u00f6netimini \u201cpes ettirmek\u201d. Nitekim \u0130ran n\u00fckleer dosya ve H\u00fcrm\u00fcz meselelerinin birbirinden ayr\u0131lmas\u0131n\u0131 talep ediyor ve \u00f6ncelikle H\u00fcrm\u00fcz\u2019\u00fcn a\u00e7\u0131lmas\u0131n\u0131 istiyor. Ancak ABD Ba\u015fkan\u0131 Donald Trump\u2019tan geri ad\u0131m sinyali yok.<\/p>\n<p>\u2018VURMAKTAN DAHA ETK\u0130L\u0130\u2019<\/p>\n<p>\u00c7ar\u015famba g\u00fcn\u00fc Axios\u2019a \u0130ran\u2019\u0131n limanlar\u0131na y\u00f6nelik ablukan\u0131n \u201cbombalamaktan\u201d daha etkili oldu\u011funu d\u00fc\u015f\u00fcnd\u00fc\u011f\u00fcn\u00fc aktaran ABD Ba\u015fkan\u0131, \u201c\u015ei\u015fmi\u015f domuz gibi bo\u011fuluyorlar. Durum onlar i\u00e7in daha da k\u00f6t\u00fcye gidecek\u201d demi\u015fti. \u00d6nceki g\u00fcn de Oval Ofis\u2019teki bir etkinlikte konu\u015fan Trump, \u0130ran\u2019la g\u00f6r\u00fc\u015fmelerin \u201ctelefonla y\u00fcr\u00fct\u00fcld\u00fc\u011f\u00fcn\u00fc\u201d belirterek, \u201cAbluka dahice bir hamle ve y\u00fczde 100 \u00e7al\u0131\u015f\u0131yor. Art\u0131k hi\u00e7bir askeri g\u00fc\u00e7leri kalmad\u0131. Teslim olmak zorundalar, yapacaklar\u0131 tek \u015fey bu&#8230;.<\/p>\n","protected":false},"excerpt":{"rendered":"<p>ABD\u2019nin H\u00fcrm\u00fcz\u2019de uygulad\u0131\u011f\u0131 abluka, \u0130ran ekonomisini hedef alarak petrol gelirlerini keserken Tahran\u2019\u0131 ciddi bir depolama ve \u00fcretim krizine s\u00fcr\u00fckl\u00fcyor&#8230;.<\/p>\n","protected":false},"author":2,"featured_media":31172,"comment_status":"open","ping_status":"open","sticky":false,"template":"","format":"standard","meta":{"footnotes":""},"categories":[6,5],"tags":[],"class_list":["post-31173","post","type-post","status-publish","format-standard","has-post-thumbnail","hentry","category-gundem","category-son-dakika"],"_links":{"self":[{"href":"https:\/\/eskigazeteci.com\/index.php?rest_route=\/wp\/v2\/posts\/31173","targetHints":{"allow":["GET"]}}],"collection":[{"href":"https:\/\/eskigazeteci.com\/index.php?rest_route=\/wp\/v2\/posts"}],"about":[{"href":"https:\/\/eskigazeteci.com\/index.php?rest_route=\/wp\/v2\/types\/post"}],"author":[{"embeddable":true,"href":"https:\/\/eskigazeteci.com\/index.php?rest_route=\/wp\/v2\/users\/2"}],"replies":[{"embeddable":true,"href":"https:\/\/eskigazeteci.com\/index.php?rest_route=%2Fwp%2Fv2%2Fcomments&post=31173"}],"version-history":[{"count":0,"href":"https:\/\/eskigazeteci.com\/index.php?rest_route=\/wp\/v2\/posts\/31173\/revisions"}],"wp:featuredmedia":[{"embeddable":true,"href":"https:\/\/eskigazeteci.com\/index.php?rest_route=\/wp\/v2\/media\/31172"}],"wp:attachment":[{"href":"https:\/\/eskigazeteci.com\/index.php?rest_route=%2Fwp%2Fv2%2Fmedia&parent=31173"}],"wp:term":[{"taxonomy":"category","embeddable":true,"href":"https:\/\/eskigazeteci.com\/index.php?rest_route=%2Fwp%2Fv2%2Fcategories&post=31173"},{"taxonomy":"post_tag","embeddable":true,"href":"https:\/\/eskigazeteci.com\/index.php?rest_route=%2Fwp%2Fv2%2Ftags&post=31173"}],"curies":[{"name":"wp","href":"https:\/\/api.w.org\/{rel}","templated":true}]}}