{"id":31169,"date":"2026-05-01T04:38:04","date_gmt":"2026-05-01T04:38:04","guid":{"rendered":"https:\/\/eskigazeteci.com\/?p=31169"},"modified":"2026-05-01T04:38:04","modified_gmt":"2026-05-01T04:38:04","slug":"nasa-direktorune-kepce-sakasi","status":"publish","type":"post","link":"https:\/\/eskigazeteci.com\/?p=31169","title":{"rendered":"NASA Direkt\u00f6r\u00fc\u2019ne kep\u00e7e \u015fakas\u0131"},"content":{"rendered":"<p>ABD Ba\u015fkan\u0131 Donald Trump , Oval Ofis\u2019te Ay\u2019\u0131n etraf\u0131nda dola\u015fan Artemis II astronotlar\u0131yla bulu\u015fmas\u0131nda yapt\u0131\u011f\u0131 espri atmosferi bir anda so\u011futtu. Toplant\u0131 s\u0131ras\u0131nda bir gazetecinin NASA\u2019n\u0131n Washington\u2019daki merkezinin ta\u015f\u0131n\u0131p ta\u015f\u0131nmayaca\u011f\u0131na dair sorusu, beklenmedik bir diyalo\u011fa sahne oldu. Soruyu NASA Direkt\u00f6r\u00fc Jared Isaacman\u2019a y\u00f6nlendiren Trump, \u201cBu soruyu o g\u00fczel kulaklar\u0131nla duyabildin mi?\u201d diyerek salonda k\u0131sa s\u00fcreli bir \u015fa\u015fk\u0131nl\u0131k yaratt\u0131.<\/p>\n<p>Esprisini s\u00fcrd\u00fcren Trump, \u201cS\u00fcper bir i\u015fitme g\u00fcc\u00fc var\u201d s\u00f6zleriyle kameralar\u0131 NASA Direkt\u00f6r\u00fc\u2019ne \u00e7evirdi. Isaacman\u2019\u0131n ise bu anlarda gergin bir g\u00fcl\u00fcmsemeyle \u201cmeslek s\u0131rr\u0131\u201d yan\u0131t\u0131n\u0131 verip konuyu h\u0131zl\u0131ca kapatmaya \u00e7al\u0131\u015ft\u0131\u011f\u0131 g\u00f6r\u00fcld\u00fc.<\/p>\n<p>Isaacman, Trump\u2019\u0131n s\u00f6zlerini \u015fa\u015fk\u0131nl\u0131kla kar\u015f\u0131lad\u0131. Trump, Beyaz Saray\u2019da Artemis II m\u00fcrettebat\u0131n\u0131 ve NASA Direkt\u00f6r\u00fc Jared Isaacman\u2019\u0131 a\u011f\u0131rlad\u0131.<\/p>\n<p>\u2018ASTRONOT OLAB\u0130L\u0130R\u0130M\u2019<\/p>\n<p>Trump bu kez rotay\u0131 kendisine \u00e7evirerek uzaya gitmeye haz\u0131r oldu\u011funu \u00f6ne s\u00fcrd\u00fc. \u201cFiziksel olarak \u00e7ok iyiyim, astronot olabilirim\u201d diyen Trump, Isaacman\u2019a bir ABD ba\u015fkan\u0131n\u0131n uzay g\u00f6revine kat\u0131l\u0131p kat\u0131lamayaca\u011f\u0131n\u0131 sordu. NASA Direkt\u00f6r\u00fc\u2019n\u00fcn \u201cDaha fazla roket ve f\u0131rsat\u0131m\u0131z olacak\u201d yan\u0131t\u0131 ise salonda dikkat \u00e7eken bir ba\u015fka an oldu.<\/p>\n<p>B\u00dcT\u00c7E GER\u0130L\u0130M\u0130&#8230;<\/p>\n","protected":false},"excerpt":{"rendered":"<p>ABD Ba\u015fkan\u0131 Trump\u2019\u0131n, Beyaz Saray\u2019da Artemis II astronotlar\u0131yla bulu\u015fmas\u0131na NASA Direkt\u00f6r\u00fc Isaacman\u2019a yapt\u0131\u011f\u0131 \u2018\u015faka\u2019 damga vurdu.<\/p>\n","protected":false},"author":2,"featured_media":31168,"comment_status":"open","ping_status":"open","sticky":false,"template":"","format":"standard","meta":{"footnotes":""},"categories":[6,5],"tags":[],"class_list":["post-31169","post","type-post","status-publish","format-standard","has-post-thumbnail","hentry","category-gundem","category-son-dakika"],"_links":{"self":[{"href":"https:\/\/eskigazeteci.com\/index.php?rest_route=\/wp\/v2\/posts\/31169","targetHints":{"allow":["GET"]}}],"collection":[{"href":"https:\/\/eskigazeteci.com\/index.php?rest_route=\/wp\/v2\/posts"}],"about":[{"href":"https:\/\/eskigazeteci.com\/index.php?rest_route=\/wp\/v2\/types\/post"}],"author":[{"embeddable":true,"href":"https:\/\/eskigazeteci.com\/index.php?rest_route=\/wp\/v2\/users\/2"}],"replies":[{"embeddable":true,"href":"https:\/\/eskigazeteci.com\/index.php?rest_route=%2Fwp%2Fv2%2Fcomments&post=31169"}],"version-history":[{"count":0,"href":"https:\/\/eskigazeteci.com\/index.php?rest_route=\/wp\/v2\/posts\/31169\/revisions"}],"wp:featuredmedia":[{"embeddable":true,"href":"https:\/\/eskigazeteci.com\/index.php?rest_route=\/wp\/v2\/media\/31168"}],"wp:attachment":[{"href":"https:\/\/eskigazeteci.com\/index.php?rest_route=%2Fwp%2Fv2%2Fmedia&parent=31169"}],"wp:term":[{"taxonomy":"category","embeddable":true,"href":"https:\/\/eskigazeteci.com\/index.php?rest_route=%2Fwp%2Fv2%2Fcategories&post=31169"},{"taxonomy":"post_tag","embeddable":true,"href":"https:\/\/eskigazeteci.com\/index.php?rest_route=%2Fwp%2Fv2%2Ftags&post=31169"}],"curies":[{"name":"wp","href":"https:\/\/api.w.org\/{rel}","templated":true}]}}