{"id":31167,"date":"2026-05-01T04:36:37","date_gmt":"2026-05-01T04:36:37","guid":{"rendered":"https:\/\/eskigazeteci.com\/?p=31167"},"modified":"2026-05-01T04:36:37","modified_gmt":"2026-05-01T04:36:37","slug":"ruzgar-denizden-esecek","status":"publish","type":"post","link":"https:\/\/eskigazeteci.com\/?p=31167","title":{"rendered":"R\u00fczgar denizden esecek"},"content":{"rendered":"<p>T\u00fcrkiye, deniz \u00fcst\u00fc (offshore) r\u00fczg\u00e2r enerjisinde d\u00fc\u011fmeye bast\u0131. T\u00dcREB Ba\u015fkan\u0131 \u0130brahim Erden, offshore r\u00fczg\u00e2r enerjisinde haz\u0131rl\u0131k s\u00fcrecinin h\u0131zland\u0131\u011f\u0131n\u0131 belirterek, T\u00fcrkiye\u2019nin bu yolculu\u011funda en kritik ad\u0131m olan saha belirleme \u00e7al\u0131\u015fmalar\u0131na ili\u015fkin olarak, \u201cHatay\u2019dan ba\u015flay\u0131p Karadeniz \u00fczerinden Trakya\u2019ya kadar toplam 19 b\u00f6lgeyi analiz ettik\u201d dedi. \u00c7ok say\u0131da kriterin dikkate al\u0131nd\u0131\u011f\u0131n\u0131 vurgulayan Erden, \u201cKorunan alanlar, bal\u0131k g\u00f6\u00e7 yollar\u0131, uluslararas\u0131 deniz ula\u015f\u0131m koridorlar\u0131, askeri g\u00fcvenlik b\u00f6lgeleri ve radar sistemleri gibi bir\u00e7ok ba\u015fl\u0131k de\u011ferlendirildi\u201d diye konu\u015ftu.<\/p>\n<p>19 B\u00d6LGE TEK TEK TARANDI<\/p>\n<p>Erden, bir grup bas\u0131n mensubuna yapt\u0131\u011f\u0131 a\u00e7\u0131klamada deniz \u00fcst\u00fc r\u00fczg\u00e2r enerjisine y\u00f6nelik olarak son 3-4 y\u0131ld\u0131r bu konuda yo\u011fun bir \u00e7al\u0131\u015fma y\u00fcr\u00fct\u00fcld\u00fc\u011f\u00fcn\u00fc, Enerji ve Tabii Kaynaklar Bakanl\u0131\u011f\u0131 ile birlikte t\u00fcm payda\u015flar\u0131n dahil oldu\u011fu bir yol haritas\u0131 olu\u015fturuldu\u011funu dile getirdi. S\u00fcrecin sadece teknik de\u011fil finansal boyutunun da ele al\u0131nd\u0131\u011f\u0131n\u0131 vurgulayan Erden, \u201c\u0130hale mekanizmalar\u0131, finansman modelleri ve saha se\u00e7imleri \u00fczerine hem yaz\u0131l\u0131 hem s\u00f6zl\u00fc kapsaml\u0131 katk\u0131lar sunduk\u201d diye konu\u015ftu. T\u00fcrkiye\u2019nin offshore yolculu\u011funda en kritik ad\u0131m olan saha belirleme \u00e7al\u0131\u015fmalar\u0131na ili\u015fkin Erden,&#8230;<\/p>\n","protected":false},"excerpt":{"rendered":"<p>T\u00fcrkiye offshore r\u00fczg\u00e2r enerjisinde kritik a\u015famaya ge\u00e7ti. Hatay\u2019dan Trakya\u2019ya uzanan 19 b\u00f6lge analiz edilirken, ilk ihale i\u00e7in 2027 ba\u015f\u0131 hedefleniyor. 5 bin&#8230;<\/p>\n","protected":false},"author":2,"featured_media":31166,"comment_status":"open","ping_status":"open","sticky":false,"template":"","format":"standard","meta":{"footnotes":""},"categories":[6,5],"tags":[],"class_list":["post-31167","post","type-post","status-publish","format-standard","has-post-thumbnail","hentry","category-gundem","category-son-dakika"],"_links":{"self":[{"href":"https:\/\/eskigazeteci.com\/index.php?rest_route=\/wp\/v2\/posts\/31167","targetHints":{"allow":["GET"]}}],"collection":[{"href":"https:\/\/eskigazeteci.com\/index.php?rest_route=\/wp\/v2\/posts"}],"about":[{"href":"https:\/\/eskigazeteci.com\/index.php?rest_route=\/wp\/v2\/types\/post"}],"author":[{"embeddable":true,"href":"https:\/\/eskigazeteci.com\/index.php?rest_route=\/wp\/v2\/users\/2"}],"replies":[{"embeddable":true,"href":"https:\/\/eskigazeteci.com\/index.php?rest_route=%2Fwp%2Fv2%2Fcomments&post=31167"}],"version-history":[{"count":0,"href":"https:\/\/eskigazeteci.com\/index.php?rest_route=\/wp\/v2\/posts\/31167\/revisions"}],"wp:featuredmedia":[{"embeddable":true,"href":"https:\/\/eskigazeteci.com\/index.php?rest_route=\/wp\/v2\/media\/31166"}],"wp:attachment":[{"href":"https:\/\/eskigazeteci.com\/index.php?rest_route=%2Fwp%2Fv2%2Fmedia&parent=31167"}],"wp:term":[{"taxonomy":"category","embeddable":true,"href":"https:\/\/eskigazeteci.com\/index.php?rest_route=%2Fwp%2Fv2%2Fcategories&post=31167"},{"taxonomy":"post_tag","embeddable":true,"href":"https:\/\/eskigazeteci.com\/index.php?rest_route=%2Fwp%2Fv2%2Ftags&post=31167"}],"curies":[{"name":"wp","href":"https:\/\/api.w.org\/{rel}","templated":true}]}}