{"id":31165,"date":"2026-05-01T04:35:06","date_gmt":"2026-05-01T04:35:06","guid":{"rendered":"https:\/\/eskigazeteci.com\/?p=31165"},"modified":"2026-05-01T04:35:06","modified_gmt":"2026-05-01T04:35:06","slug":"anadolu-gelininin-ceyizi-rusyada","status":"publish","type":"post","link":"https:\/\/eskigazeteci.com\/?p=31165","title":{"rendered":"Anadolu gelininin \u00e7eyizi Rusya\u2019da"},"content":{"rendered":"<p>Rusya\u2019n\u0131n St. Petersburg \u015fehrindeki d\u00fcnyaca \u00fcnl\u00fc Ermitaj M\u00fczesi\u2019nde, Cumhurba\u015fkan\u0131 Tayyip Erdo\u011fan\u2019\u0131n e\u015fi Emine Erdo\u011fan\u2019\u0131n himayelerinde \u2018Gelin Hazineleri: Osmanl\u0131 ve Anadolu \u00c7eyizlerine Bir Yolculuk\u2019 adl\u0131 sergi a\u00e7\u0131ld\u0131. M\u00fczede d\u00fczenlenen t\u00f6rene Milli E\u011fitim Bakan\u0131 Yusuf Tekin, T\u00fcrkiye\u2019nin Moskova B\u00fcy\u00fckel\u00e7isi Tanju Bilgi\u00e7, Ermitaj M\u00fczesi Genel M\u00fcd\u00fcr\u00fc Mihail Piotrovskiy, yabanc\u0131 misyon temsilcileri, T\u00fcrk ve Rus gazeteciler, yetkililer ve davetliler kat\u0131ld\u0131. Bakan Tekin ve Ermitaj M\u00fczesi Genel M\u00fcd\u00fcr\u00fc Piotrovskiy serginin a\u00e7\u0131l\u0131\u015f kurdelesini birlikte kesti.<\/p>\n<p>EM\u0130NE ERDO\u011eAN\u2019DAN MESAJ<\/p>\n<p>Emine Erdo\u011fan\u2019\u0131n serginin a\u00e7\u0131l\u0131\u015f\u0131 nedeniyle g\u00f6nderdi\u011fi mesaj\u0131 T\u00fcrkiye\u2019nin Moskova B\u00fcy\u00fckel\u00e7isi Tanju Bilgi\u00e7\u2019in e\u015fi Bet\u00fcl Aksoy Bilgi\u00e7 okudu. Emine Erdo\u011fan, serginin kadim Anadolu topra\u011f\u0131n\u0131n bereketini ve Osmanl\u0131 Devleti\u2019nin zarafetini Rusya \u2019n\u0131n kalbine ta\u015f\u0131d\u0131\u011f\u0131n\u0131 belirtti: \u201c\u00c7eyiz gelene\u011fi, k\u00f6kl\u00fc medeniyet birikimimizin en zarif tezah\u00fcrlerinden biri oldu\u011fu gibi k\u00fclt\u00fcrel haf\u0131zam\u0131z\u0131n da en \u00f6nemli unsurlar\u0131ndand\u0131r. \u00c7eyiz, aile kurman\u0131n e\u015fyaya ve mek\u00e2na yans\u0131yan anlamlar\u0131yla beraber geleneksel el sanatlar\u0131m\u0131z\u0131n y\u00fcksek estetik zevkini ve \u00e7e\u015fitlili\u011fini ihtiva eden derin bir medeniyet dilidir. Anadolu\u2019nun&#8230;<\/p>\n","protected":false},"excerpt":{"rendered":"<p>Osmanl\u0131\u2019dan g\u00fcn\u00fcm\u00fcze Anadolu gelininin \u00e7eyizinin sergilendi\u011fi \u2018Gelin Hazineleri: Osmanl\u0131 ve Anadolu \u00c7eyizlerine Bir Yolculuk\u2019 adl\u0131 sergi, St. Petersburg\u2019daki&#8230;<\/p>\n","protected":false},"author":2,"featured_media":31164,"comment_status":"open","ping_status":"open","sticky":false,"template":"","format":"standard","meta":{"footnotes":""},"categories":[6,5],"tags":[],"class_list":["post-31165","post","type-post","status-publish","format-standard","has-post-thumbnail","hentry","category-gundem","category-son-dakika"],"_links":{"self":[{"href":"https:\/\/eskigazeteci.com\/index.php?rest_route=\/wp\/v2\/posts\/31165","targetHints":{"allow":["GET"]}}],"collection":[{"href":"https:\/\/eskigazeteci.com\/index.php?rest_route=\/wp\/v2\/posts"}],"about":[{"href":"https:\/\/eskigazeteci.com\/index.php?rest_route=\/wp\/v2\/types\/post"}],"author":[{"embeddable":true,"href":"https:\/\/eskigazeteci.com\/index.php?rest_route=\/wp\/v2\/users\/2"}],"replies":[{"embeddable":true,"href":"https:\/\/eskigazeteci.com\/index.php?rest_route=%2Fwp%2Fv2%2Fcomments&post=31165"}],"version-history":[{"count":0,"href":"https:\/\/eskigazeteci.com\/index.php?rest_route=\/wp\/v2\/posts\/31165\/revisions"}],"wp:featuredmedia":[{"embeddable":true,"href":"https:\/\/eskigazeteci.com\/index.php?rest_route=\/wp\/v2\/media\/31164"}],"wp:attachment":[{"href":"https:\/\/eskigazeteci.com\/index.php?rest_route=%2Fwp%2Fv2%2Fmedia&parent=31165"}],"wp:term":[{"taxonomy":"category","embeddable":true,"href":"https:\/\/eskigazeteci.com\/index.php?rest_route=%2Fwp%2Fv2%2Fcategories&post=31165"},{"taxonomy":"post_tag","embeddable":true,"href":"https:\/\/eskigazeteci.com\/index.php?rest_route=%2Fwp%2Fv2%2Ftags&post=31165"}],"curies":[{"name":"wp","href":"https:\/\/api.w.org\/{rel}","templated":true}]}}