{"id":31163,"date":"2026-05-01T04:33:33","date_gmt":"2026-05-01T04:33:33","guid":{"rendered":"https:\/\/eskigazeteci.com\/?p=31163"},"modified":"2026-05-01T04:33:33","modified_gmt":"2026-05-01T04:33:33","slug":"tekne-ureticilerinden-ithalat-vergisi-talebi","status":"publish","type":"post","link":"https:\/\/eskigazeteci.com\/?p=31163","title":{"rendered":"Tekne \u00fcreticilerinden \u2018ithalat vergisi\u2019 talebi"},"content":{"rendered":"<p>Sergilenen teknelerin y\u00fczde 70\u2019inin yerel \u00fcretim oldu\u011fu fuar, \u0130zmir B\u00fcy\u00fck\u015fehir Belediyesi\u2019nin ev sahipli\u011finde, \u0130ZFA\u015e ve ED Fuarc\u0131l\u0131k i\u015f birli\u011fiyle d\u00fczenleniyor. 3 metreden 15 metreye kadar farkl\u0131 boyutlardaki tekneler yer al\u0131rken fiyatlar ise 100 bin TL\u2019den ba\u015flay\u0131p 30 milyon TL\u2019ye kadar ula\u015f\u0131yor. Fuar hakk\u0131nda bilgi veren \u0130ZFA\u015e Genel M\u00fcd\u00fcr\u00fc Tu\u011f\u00e7e Cumal\u0131o\u011flu, fuar\u0131n 4 y\u0131l i\u00e7erisinde y\u00fczde 50 b\u00fcy\u00fcme kaydetti\u011fini s\u00f6yledi. ED Fuarc\u0131l\u0131k Kurucu Orta\u011f\u0131 Dilek Soydan ise fuar\u0131n ilk y\u0131l\u0131nda yakla\u015f\u0131k 15 bin olan ziyaret\u00e7i say\u0131s\u0131n\u0131n ge\u00e7en y\u0131l 26 bine \u00e7\u0131kt\u0131\u011f\u0131n\u0131 kaydetti.<\/p>\n<p>N\u0130TEL\u0130KL\u0130 ELEMAN SORUNU<\/p>\n<p>Fuar sonras\u0131 gazetecilerle bir araya gelerek sekt\u00f6re ili\u015fkin de\u011ferlendirmelerde bulunan sekt\u00f6r temsilcileri, KDV ve \u00d6TV y\u00fck\u00fcn\u00fcn azalt\u0131lmas\u0131 ve yerel \u00fcreticilerin desteklenmesi gerekti\u011fine vurgu yaparak bu sayede ihracat\u0131n artaca\u011f\u0131na vurgu yapt\u0131lar. Tekne Yat \u00dcreticileri ve Tedarik\u00e7ileri Derne\u011fi (TEY\u00dcD) Ba\u015fkan\u0131 Erhan G\u00f6rn\u00fc, \u00f6zellikle y\u00fczde 20 KDV ve uygulanan \u00d6TV y\u00fck\u00fcn\u00fcn t\u00fcketiciyi yerli \u00fcretimden uzakla\u015ft\u0131rd\u0131\u011f\u0131n\u0131 s\u00f6yledi. G\u00f6rn\u00fc, \u201c\u0130thalat\u00e7\u0131 ile yerli \u00fcretici aras\u0131nda fark kalmad\u0131. Sekt\u00f6rde ilk olarak ihracat\u0131 nas\u0131l art\u0131raca\u011f\u0131m\u0131z konu\u015fmam\u0131z gerek. Gerekiyorsa ithalata vergi gelmeli\u201d dedi.<\/p>\n<p>\u0130zmir Tekne&#8230;<\/p>\n","protected":false},"excerpt":{"rendered":"<p>TEKNE ve yat sekt\u00f6r\u00fcnde b\u00fcy\u00fcme ivmesi fuarlarla g\u00f6r\u00fcn\u00fcr hale gelirken, sekt\u00f6r\u00fcn nabz\u0131 bu kez \u0130zmir\u2019de att\u0131. Yakla\u015f\u0131k 150 firman\u0131n yer ald\u0131\u011f\u0131 MAST \u0130zmir Boat&#8230;<\/p>\n","protected":false},"author":2,"featured_media":31162,"comment_status":"open","ping_status":"open","sticky":false,"template":"","format":"standard","meta":{"footnotes":""},"categories":[6,5],"tags":[],"class_list":["post-31163","post","type-post","status-publish","format-standard","has-post-thumbnail","hentry","category-gundem","category-son-dakika"],"_links":{"self":[{"href":"https:\/\/eskigazeteci.com\/index.php?rest_route=\/wp\/v2\/posts\/31163","targetHints":{"allow":["GET"]}}],"collection":[{"href":"https:\/\/eskigazeteci.com\/index.php?rest_route=\/wp\/v2\/posts"}],"about":[{"href":"https:\/\/eskigazeteci.com\/index.php?rest_route=\/wp\/v2\/types\/post"}],"author":[{"embeddable":true,"href":"https:\/\/eskigazeteci.com\/index.php?rest_route=\/wp\/v2\/users\/2"}],"replies":[{"embeddable":true,"href":"https:\/\/eskigazeteci.com\/index.php?rest_route=%2Fwp%2Fv2%2Fcomments&post=31163"}],"version-history":[{"count":0,"href":"https:\/\/eskigazeteci.com\/index.php?rest_route=\/wp\/v2\/posts\/31163\/revisions"}],"wp:featuredmedia":[{"embeddable":true,"href":"https:\/\/eskigazeteci.com\/index.php?rest_route=\/wp\/v2\/media\/31162"}],"wp:attachment":[{"href":"https:\/\/eskigazeteci.com\/index.php?rest_route=%2Fwp%2Fv2%2Fmedia&parent=31163"}],"wp:term":[{"taxonomy":"category","embeddable":true,"href":"https:\/\/eskigazeteci.com\/index.php?rest_route=%2Fwp%2Fv2%2Fcategories&post=31163"},{"taxonomy":"post_tag","embeddable":true,"href":"https:\/\/eskigazeteci.com\/index.php?rest_route=%2Fwp%2Fv2%2Ftags&post=31163"}],"curies":[{"name":"wp","href":"https:\/\/api.w.org\/{rel}","templated":true}]}}