{"id":31161,"date":"2026-05-01T04:32:01","date_gmt":"2026-05-01T04:32:01","guid":{"rendered":"https:\/\/eskigazeteci.com\/?p=31161"},"modified":"2026-05-01T04:32:01","modified_gmt":"2026-05-01T04:32:01","slug":"yerli-savunma-sanayi-sahaya-hazirlaniyor","status":"publish","type":"post","link":"https:\/\/eskigazeteci.com\/?p=31161","title":{"rendered":"Yerli savunma sanayi SAHA\u2019ya haz\u0131rlan\u0131yor"},"content":{"rendered":"<p>T\u00fcrkiye\u2019nin en b\u00fcy\u00fck savunma sanayi bulu\u015fmalar\u0131ndan biri haline gelen organizasyonda \u015firket, yeni \u00fcr\u00fcnlerinin yan\u0131 s\u0131ra entegre savunma \u00e7\u00f6z\u00fcmlerini de uluslararas\u0131 kat\u0131l\u0131mc\u0131lara sunacak. Yeni nesil sistem, \u00f6zellikle hava platformlar\u0131n\u0131n zorlu operasyonel ihtiya\u00e7lar\u0131 dikkate al\u0131narak geli\u015ftirildi. A\u00e7\u0131k mekanizma (open-bolt) yap\u0131s\u0131yla a\u015f\u0131r\u0131 \u0131s\u0131nmay\u0131 s\u0131n\u0131rlayan t\u00fcfek, y\u00fcksek at\u0131\u015f h\u0131z\u0131 ve operasyonel g\u00fcvenilirlik hedefiyle tasarland\u0131.<\/p>\n<p>\u0130HRACAT HEDEF\u0130<\/p>\n<p>SYS Grup CEO\u2019su Cahit Utku Aral, SAHA 2026\u2019n\u0131n yaln\u0131zca bir fuar de\u011fil, ayn\u0131 zamanda somut i\u015f birliklerinin geli\u015fti\u011fi bir platform oldu\u011funu belirterek, \u201cSAHA 2026, yaln\u0131zca bir sergi alan\u0131 de\u011fil; somut projelerin filizlendi\u011fi, B2B, B2G ve G2G g\u00f6r\u00fc\u015fmelerle k\u00fcresel i\u015f hacminin do\u011frudan b\u00fcy\u00fcd\u00fc\u011f\u00fc stratejik bir ekosistemdir. SYS Grup olarak savunma sanayindeki oyun de\u011fi\u015ftirici rol\u00fcm\u00fcz\u00fc, bu y\u0131l ilk kez sergileyece\u011fimiz CANiK M3 FALCON ve ihracat potansiyeli y\u00fcksek Yeni Nesil Mobil Katmanl\u0131 Savunma mimarimiz ile per\u00e7inliyoruz. Hedefimiz, bu ve di\u011fer \u00fcr\u00fcnlerimizle, bug\u00fcne kadar oldu\u011fu gibi T\u00fcrkiye\u2019nin m\u00fchendislik g\u00fcc\u00fcn\u00fc dost ve m\u00fcttefik \u00fclkelerin envanterine h\u0131zl\u0131 teslimat ve sorunsuz entegrasyon avantaj\u0131yla ta\u015f\u0131mak, k\u00fcresel pazardaki pay\u0131m\u0131z\u0131&#8230;<\/p>\n","protected":false},"excerpt":{"rendered":"<p>Samsun Yurt Savunma (SYS Grup), 5-9 May\u0131s tarihlerinde \u0130stanbul\u2019da d\u00fczenlenecek SAHA 2026 Fuar\u0131\u2019nda yeni geli\u015ftirdi\u011fi 12.7 mm s\u0131n\u0131f\u0131ndaki a\u011f\u0131r makineli&#8230;<\/p>\n","protected":false},"author":2,"featured_media":31160,"comment_status":"open","ping_status":"open","sticky":false,"template":"","format":"standard","meta":{"footnotes":""},"categories":[6,5],"tags":[],"class_list":["post-31161","post","type-post","status-publish","format-standard","has-post-thumbnail","hentry","category-gundem","category-son-dakika"],"_links":{"self":[{"href":"https:\/\/eskigazeteci.com\/index.php?rest_route=\/wp\/v2\/posts\/31161","targetHints":{"allow":["GET"]}}],"collection":[{"href":"https:\/\/eskigazeteci.com\/index.php?rest_route=\/wp\/v2\/posts"}],"about":[{"href":"https:\/\/eskigazeteci.com\/index.php?rest_route=\/wp\/v2\/types\/post"}],"author":[{"embeddable":true,"href":"https:\/\/eskigazeteci.com\/index.php?rest_route=\/wp\/v2\/users\/2"}],"replies":[{"embeddable":true,"href":"https:\/\/eskigazeteci.com\/index.php?rest_route=%2Fwp%2Fv2%2Fcomments&post=31161"}],"version-history":[{"count":0,"href":"https:\/\/eskigazeteci.com\/index.php?rest_route=\/wp\/v2\/posts\/31161\/revisions"}],"wp:featuredmedia":[{"embeddable":true,"href":"https:\/\/eskigazeteci.com\/index.php?rest_route=\/wp\/v2\/media\/31160"}],"wp:attachment":[{"href":"https:\/\/eskigazeteci.com\/index.php?rest_route=%2Fwp%2Fv2%2Fmedia&parent=31161"}],"wp:term":[{"taxonomy":"category","embeddable":true,"href":"https:\/\/eskigazeteci.com\/index.php?rest_route=%2Fwp%2Fv2%2Fcategories&post=31161"},{"taxonomy":"post_tag","embeddable":true,"href":"https:\/\/eskigazeteci.com\/index.php?rest_route=%2Fwp%2Fv2%2Ftags&post=31161"}],"curies":[{"name":"wp","href":"https:\/\/api.w.org\/{rel}","templated":true}]}}