{"id":31157,"date":"2026-05-01T04:29:11","date_gmt":"2026-05-01T04:29:11","guid":{"rendered":"https:\/\/eskigazeteci.com\/?p=31157"},"modified":"2026-05-01T04:29:11","modified_gmt":"2026-05-01T04:29:11","slug":"enerji-krizini-firsata-cevirme-cagrisi","status":"publish","type":"post","link":"https:\/\/eskigazeteci.com\/?p=31157","title":{"rendered":"Enerji krizini f\u0131rsata \u00e7evirme \u00e7a\u011fr\u0131s\u0131"},"content":{"rendered":"<p>50\u2019den fazla \u00fclkeden bakan ve \u00fcst d\u00fczey temsilcinin kat\u0131ld\u0131\u011f\u0131 toplant\u0131n\u0131n a\u00e7\u0131l\u0131\u015f\u0131n\u0131 Kurum ile IEA \u0130cra Direkt\u00f6r\u00fc Fatih Birol yapt\u0131.<\/p>\n<p>ARTIK \u00c7OK DAHA KR\u0130T\u0130K<\/p>\n<p>K\u00fcresel enerji krizinin enerji g\u00fcvenli\u011fi ve ba\u011f\u0131ml\u0131l\u0131k konular\u0131n\u0131 yeniden g\u00fcndemin \u00fcst s\u0131ralar\u0131na ta\u015f\u0131d\u0131\u011f\u0131n\u0131 belirten Kurum, enerji \u00e7e\u015fitlili\u011finin korunmas\u0131n\u0131n her zamankinden daha kritik hale geldi\u011fini ifade etti. Krizlerin yaln\u0131zca maliyetleri art\u0131rmad\u0131\u011f\u0131n\u0131, ayn\u0131 zamanda bilim temelli planlaman\u0131n \u00f6nemini de ortaya koydu\u011funu vurgulayan Kurum, k\u00fcresel ekonominin enerji paradigmas\u0131n\u0131 d\u00f6n\u00fc\u015ft\u00fcrmek zorunda oldu\u011funu dile getirdi.<\/p>\n<p>10 M\u0130LYAR DOLARI A\u015eAN YATIRIM VURGUSU<\/p>\n<p>T\u00fcrkiye\u2019nin son 10 y\u0131lda yenilenebilir enerji \u00fcretimini 3 kat\u0131na \u00e7\u0131kard\u0131\u011f\u0131n\u0131 hat\u0131rlatan Kurum, enerji verimlili\u011fine 10 milyar dolar\u0131n \u00fczerinde yat\u0131r\u0131m yap\u0131ld\u0131\u011f\u0131n\u0131 s\u00f6yledi. Depolama kapasitesinde Avrupa Birli\u011fi \u00fclkelerinin \u00f6n\u00fcne ge\u00e7ildi\u011fini belirten Kurum, fosil yak\u0131tlara ba\u011f\u0131ml\u0131l\u0131\u011f\u0131 azaltmak i\u00e7in somut ad\u0131mlar\u0131n s\u00fcrd\u00fc\u011f\u00fcn\u00fc kaydetti.<\/p>\n<p>IAE \u0130LE STRATEJ\u0130K ORTAKLIK<\/p>\n<p>Kurum, COP31 s\u00fcrecinde Uluslararas\u0131 Enerji Ajans\u0131 ile stratejik ortakl\u0131k kurulaca\u011f\u0131n\u0131 da a\u00e7\u0131klad\u0131. Bu kapsamda enerji arz g\u00fcvenli\u011fi ve talep y\u00f6netimine odaklan\u0131laca\u011f\u0131n\u0131 belirten Kurum, arz taraf\u0131nda temiz enerji&#8230;<\/p>\n","protected":false},"excerpt":{"rendered":"<p>COP31 Ba\u015fkan\u0131 ve \u00c7evre, \u015eehircilik ve \u0130klim De\u011fi\u015fikli\u011fi Bakan\u0131 Murat Kurum, Uluslararas\u0131 Enerji Ajans\u0131\u2019n\u0131n (IEA) Paris\u2019teki merkezinde d\u00fczenlenen Y\u00fcksek&#8230;<\/p>\n","protected":false},"author":2,"featured_media":31156,"comment_status":"open","ping_status":"open","sticky":false,"template":"","format":"standard","meta":{"footnotes":""},"categories":[6,5],"tags":[],"class_list":["post-31157","post","type-post","status-publish","format-standard","has-post-thumbnail","hentry","category-gundem","category-son-dakika"],"_links":{"self":[{"href":"https:\/\/eskigazeteci.com\/index.php?rest_route=\/wp\/v2\/posts\/31157","targetHints":{"allow":["GET"]}}],"collection":[{"href":"https:\/\/eskigazeteci.com\/index.php?rest_route=\/wp\/v2\/posts"}],"about":[{"href":"https:\/\/eskigazeteci.com\/index.php?rest_route=\/wp\/v2\/types\/post"}],"author":[{"embeddable":true,"href":"https:\/\/eskigazeteci.com\/index.php?rest_route=\/wp\/v2\/users\/2"}],"replies":[{"embeddable":true,"href":"https:\/\/eskigazeteci.com\/index.php?rest_route=%2Fwp%2Fv2%2Fcomments&post=31157"}],"version-history":[{"count":0,"href":"https:\/\/eskigazeteci.com\/index.php?rest_route=\/wp\/v2\/posts\/31157\/revisions"}],"wp:featuredmedia":[{"embeddable":true,"href":"https:\/\/eskigazeteci.com\/index.php?rest_route=\/wp\/v2\/media\/31156"}],"wp:attachment":[{"href":"https:\/\/eskigazeteci.com\/index.php?rest_route=%2Fwp%2Fv2%2Fmedia&parent=31157"}],"wp:term":[{"taxonomy":"category","embeddable":true,"href":"https:\/\/eskigazeteci.com\/index.php?rest_route=%2Fwp%2Fv2%2Fcategories&post=31157"},{"taxonomy":"post_tag","embeddable":true,"href":"https:\/\/eskigazeteci.com\/index.php?rest_route=%2Fwp%2Fv2%2Ftags&post=31157"}],"curies":[{"name":"wp","href":"https:\/\/api.w.org\/{rel}","templated":true}]}}