{"id":31151,"date":"2026-05-01T04:24:37","date_gmt":"2026-05-01T04:24:37","guid":{"rendered":"https:\/\/eskigazeteci.com\/?p=31151"},"modified":"2026-05-01T04:24:37","modified_gmt":"2026-05-01T04:24:37","slug":"fenerbahcede-yeni-baskani-bekleyen-fatura-515-milyon-euro","status":"publish","type":"post","link":"https:\/\/eskigazeteci.com\/?p=31151","title":{"rendered":"Fenerbah\u00e7e&#8217;de yeni ba\u015fkan\u0131 bekleyen fatura: 515 milyon Euro"},"content":{"rendered":"<p>Fenerbah\u00e7e &#x27;de, 21 Eyl\u00fcl 2025&#x27;te ba\u015fkanl\u0131k g\u00f6revine se\u00e7ilen Sadettin Saran, g\u00f6rev s\u00fcresinde hen\u00fcz 1 y\u0131l\u0131 bile doldurmadan ola\u011fan\u00fcst\u00fc kongre karar\u0131 ald\u0131.<\/p>\n","protected":false},"excerpt":{"rendered":"<p>Sezon sonunda se\u00e7ime gitme karar\u0131 alan Fenerbah\u00e7e\u2019de g\u00f6reve gelecek isim adeta ate\u015ften g\u00f6mlek giyecek. Gelecek sezon Bar\u0131\u015f G\u00f6kt\u00fcrk, Hakan Safi ya da Mehmet&#8230;<\/p>\n","protected":false},"author":2,"featured_media":31150,"comment_status":"open","ping_status":"open","sticky":false,"template":"","format":"standard","meta":{"footnotes":""},"categories":[5,7],"tags":[],"class_list":["post-31151","post","type-post","status-publish","format-standard","has-post-thumbnail","hentry","category-son-dakika","category-spor"],"_links":{"self":[{"href":"https:\/\/eskigazeteci.com\/index.php?rest_route=\/wp\/v2\/posts\/31151","targetHints":{"allow":["GET"]}}],"collection":[{"href":"https:\/\/eskigazeteci.com\/index.php?rest_route=\/wp\/v2\/posts"}],"about":[{"href":"https:\/\/eskigazeteci.com\/index.php?rest_route=\/wp\/v2\/types\/post"}],"author":[{"embeddable":true,"href":"https:\/\/eskigazeteci.com\/index.php?rest_route=\/wp\/v2\/users\/2"}],"replies":[{"embeddable":true,"href":"https:\/\/eskigazeteci.com\/index.php?rest_route=%2Fwp%2Fv2%2Fcomments&post=31151"}],"version-history":[{"count":0,"href":"https:\/\/eskigazeteci.com\/index.php?rest_route=\/wp\/v2\/posts\/31151\/revisions"}],"wp:featuredmedia":[{"embeddable":true,"href":"https:\/\/eskigazeteci.com\/index.php?rest_route=\/wp\/v2\/media\/31150"}],"wp:attachment":[{"href":"https:\/\/eskigazeteci.com\/index.php?rest_route=%2Fwp%2Fv2%2Fmedia&parent=31151"}],"wp:term":[{"taxonomy":"category","embeddable":true,"href":"https:\/\/eskigazeteci.com\/index.php?rest_route=%2Fwp%2Fv2%2Fcategories&post=31151"},{"taxonomy":"post_tag","embeddable":true,"href":"https:\/\/eskigazeteci.com\/index.php?rest_route=%2Fwp%2Fv2%2Ftags&post=31151"}],"curies":[{"name":"wp","href":"https:\/\/api.w.org\/{rel}","templated":true}]}}