{"id":31149,"date":"2026-05-01T04:23:15","date_gmt":"2026-05-01T04:23:15","guid":{"rendered":"https:\/\/eskigazeteci.com\/?p=31149"},"modified":"2026-05-01T04:23:15","modified_gmt":"2026-05-01T04:23:15","slug":"kartal-gaziantepte-kotu-seriyi-bitirmek-istiyor","status":"publish","type":"post","link":"https:\/\/eskigazeteci.com\/?p=31149","title":{"rendered":"Kartal, Gaziantep&#8217;te k\u00f6t\u00fc seriyi bitirmek istiyor"},"content":{"rendered":"<p>Be\u015fikta\u015f , S\u00fcper Lig\u2019in 32. haftas\u0131nda bug\u00fcn deplasmanda Gaziantep FK ile kar\u015f\u0131la\u015facak. Gaziantep Stad\u0131\u2019nda saat 20.00\u2019de ba\u015flayacak m\u00fccadelede Abdullah Bu\u011fra Ta\u015fk\u0131nsoy d\u00fcd\u00fck \u00e7alacak.<\/p>\n<p>S\u00fcper Lig \u2019de \u00e7\u0131kt\u0131\u011f\u0131 son 4 ma\u00e7ta 2 ma\u011flubiyet ve 1\u2019er galibiyet ile beraberlik alarak 8 puan yitiren siyah beyazl\u0131lar sezonu 3\u2019te 3 ile bitirebilmek i\u00e7in bug\u00fcn Gaziantep\u2019te mutlaka kazanmak istiyor.<\/p>\n<p>DJALO DA TAKIMLA GiTTi<\/p>\n<p>Karag\u00fcmr\u00fck ma\u00e7\u0131nda sar\u0131 kart cezal\u0131s\u0131 olmalar\u0131 nedeniyle forma giyemeyen kaleci Ersin Destano\u011flu ile sa\u011f bek Amir Murillo teknik direkt\u00f6r Sergen Yal\u00e7\u0131n\u2019\u0131n g\u00f6rev vermesi halinde yeniden ilk 11\u2019de yer alacak.<\/p>\n<p>Ge\u00e7en hafta kadro d\u0131\u015f\u0131 b\u0131rak\u0131lan Tiago Djalo da Gaziantep kafilesinde yer al\u0131rken Sakatl\u0131\u011f\u0131 s\u00fcren Kartal Kayra Y\u0131lmaz\u2019\u0131n yan\u0131 s\u0131ra sar\u0131 kart cezal\u0131s\u0131 R\u0131dvan Y\u0131lmaz ise bug\u00fcn forma giyemeyecek. Kartal\u2019da ayr\u0131ca 2 oyuncu s\u0131n\u0131rda bulunurken Emmanuel Agbadou ve Salih U\u00e7an bug\u00fcn sar\u0131 kart g\u00f6rmesi durumunda haftaya Trabzonspor m\u00fccadelesinde cezal\u0131 olacak.<\/p>\n<p>T\u00fcrkiye&#x27;den ve D\u00fcnya\u2019dan son dakika haberleri, k\u00f6\u015fe yaz\u0131lar\u0131, magazinden siyasete, spordan seyahate b\u00fct\u00fcn konular\u0131n tek adresi Hurriyet.com.tr haber i\u00e7erikleri izin al\u0131nmadan, kaynak g\u00f6sterilerek dahi iktibas edilemez. Kanuna&#8230;<\/p>\n","protected":false},"excerpt":{"rendered":"<p>K\u0131rm\u0131z\u0131 siyahl\u0131lara kar\u015f\u0131 deplasmanda \u00e7\u0131kt\u0131\u011f\u0131 son 6 kar\u015f\u0131la\u015fmay\u0131 kazanamayan Be\u015fikta\u015f galibiyet \u00f6zlemine bug\u00fcn nokta koymakta kararl\u0131.<\/p>\n","protected":false},"author":2,"featured_media":31148,"comment_status":"open","ping_status":"open","sticky":false,"template":"","format":"standard","meta":{"footnotes":""},"categories":[5,7],"tags":[],"class_list":["post-31149","post","type-post","status-publish","format-standard","has-post-thumbnail","hentry","category-son-dakika","category-spor"],"_links":{"self":[{"href":"https:\/\/eskigazeteci.com\/index.php?rest_route=\/wp\/v2\/posts\/31149","targetHints":{"allow":["GET"]}}],"collection":[{"href":"https:\/\/eskigazeteci.com\/index.php?rest_route=\/wp\/v2\/posts"}],"about":[{"href":"https:\/\/eskigazeteci.com\/index.php?rest_route=\/wp\/v2\/types\/post"}],"author":[{"embeddable":true,"href":"https:\/\/eskigazeteci.com\/index.php?rest_route=\/wp\/v2\/users\/2"}],"replies":[{"embeddable":true,"href":"https:\/\/eskigazeteci.com\/index.php?rest_route=%2Fwp%2Fv2%2Fcomments&post=31149"}],"version-history":[{"count":0,"href":"https:\/\/eskigazeteci.com\/index.php?rest_route=\/wp\/v2\/posts\/31149\/revisions"}],"wp:featuredmedia":[{"embeddable":true,"href":"https:\/\/eskigazeteci.com\/index.php?rest_route=\/wp\/v2\/media\/31148"}],"wp:attachment":[{"href":"https:\/\/eskigazeteci.com\/index.php?rest_route=%2Fwp%2Fv2%2Fmedia&parent=31149"}],"wp:term":[{"taxonomy":"category","embeddable":true,"href":"https:\/\/eskigazeteci.com\/index.php?rest_route=%2Fwp%2Fv2%2Fcategories&post=31149"},{"taxonomy":"post_tag","embeddable":true,"href":"https:\/\/eskigazeteci.com\/index.php?rest_route=%2Fwp%2Fv2%2Ftags&post=31149"}],"curies":[{"name":"wp","href":"https:\/\/api.w.org\/{rel}","templated":true}]}}