{"id":31147,"date":"2026-05-01T04:21:43","date_gmt":"2026-05-01T04:21:43","guid":{"rendered":"https:\/\/eskigazeteci.com\/?p=31147"},"modified":"2026-05-01T04:21:43","modified_gmt":"2026-05-01T04:21:43","slug":"ozelden-sumud-tepkisi-acik-bir-haydutluk","status":"publish","type":"post","link":"https:\/\/eskigazeteci.com\/?p=31147","title":{"rendered":"\u00d6zel\u2019den Sumud tepkisi&#8230; A\u00e7\u0131k bir haydutluk"},"content":{"rendered":"<p>\u00d6zel \u015funlar\u0131 s\u00f6yledi: \u201cGazze\u2019ye yard\u0131m ula\u015ft\u0131rmak i\u00e7in yola \u00e7\u0131kan K\u00fcresel Sumud filosu , insanl\u0131\u011f\u0131n ortak vicdan\u0131n\u0131 temsil etmektedir. \u0130srail y\u00f6netiminin ekmek ta\u015f\u0131yan, ila\u00e7 ta\u015f\u0131yan, dayan\u0131\u015fma ta\u015f\u0131yan bu filoya uluslararas\u0131 sularda m\u00fcdahale etmesi, hukuksuzlu\u011fun da \u00f6tesinde a\u00e7\u0131k bir haydutluktur. D\u00fcnya, bu pervas\u0131z sald\u0131r\u0131 kar\u015f\u0131s\u0131nda susmamal\u0131; uluslararas\u0131 hukuk, insanl\u0131k onuru ve vicdan ad\u0131na ortak tepki g\u00f6stermelidir. Biz, i\u00e7inde 20 T\u00fcrk vatanda\u015f\u0131m\u0131z\u0131n da bulundu\u011fu Sumud filosunun yan\u0131nda olmaya, soyk\u0131r\u0131mc\u0131 \u0130srail y\u00f6netimini lanetlemeye cesaretle devam edece\u011fiz. Vicdan sahibi milletimize sesleniyorum: Netanyahu\u2019ya \u2018sava\u015f kahraman\u0131\u2019 diyen Donald Trump\u2019\u0131n kurdu\u011fu s\u00f6zde bar\u0131\u015f masas\u0131na, \u0130srail y\u00f6netimiyle birlikte oturan Adalet ve Kalk\u0131nma Partisi iktidar\u0131n\u0131n bug\u00fcn Filistin\u2019in yan\u0131nda oldu\u011funu s\u00f6ylemesi riyak\u00e2rl\u0131kt\u0131r, samimiyetsizliktir.\u201d<\/p>\n<p>YILDIRIM\u2019IN CENAZES\u0130NE KATILDI<\/p>\n<p>CHP Genel Ba\u015fkan\u0131 \u00d6zg\u00fcr \u00d6zel , \u00f6nceki g\u00fcn Ankara\u2019da kanser tedavisi g\u00f6rd\u00fc\u011f\u00fc hastanede hayat\u0131n\u0131 kaybeden eski \u00c7a\u011fda\u015f Gazeteciler Derne\u011fi Ba\u015fkan\u0131 gazeteci yazar Rahmi Y\u0131ld\u0131r\u0131m\u2019\u0131n d\u00fcn ikindi vakti G\u00f6lba\u015f\u0131 Mezarl\u0131k Camisi\u2019nde d\u00fczenlenen cenaze t\u00f6renine kat\u0131ld\u0131.<\/p>\n<p>T\u00fcrkiye g\u00fcndeminden son dakika haberleri, bug\u00fcn ya\u015fanan&#8230;<\/p>\n","protected":false},"excerpt":{"rendered":"<p>CHP Lideri \u00d6zg\u00fcr \u00d6zel, \u0130srail\u2019in K\u00fcresel Sumud Filosu\u2019na m\u00fcdahalesine sosyal medya hesab\u0131ndan yapt\u0131\u011f\u0131 a\u00e7\u0131klamayla tepki g\u00f6sterdi<\/p>\n","protected":false},"author":2,"featured_media":31146,"comment_status":"open","ping_status":"open","sticky":false,"template":"","format":"standard","meta":{"footnotes":""},"categories":[6,5],"tags":[],"class_list":["post-31147","post","type-post","status-publish","format-standard","has-post-thumbnail","hentry","category-gundem","category-son-dakika"],"_links":{"self":[{"href":"https:\/\/eskigazeteci.com\/index.php?rest_route=\/wp\/v2\/posts\/31147","targetHints":{"allow":["GET"]}}],"collection":[{"href":"https:\/\/eskigazeteci.com\/index.php?rest_route=\/wp\/v2\/posts"}],"about":[{"href":"https:\/\/eskigazeteci.com\/index.php?rest_route=\/wp\/v2\/types\/post"}],"author":[{"embeddable":true,"href":"https:\/\/eskigazeteci.com\/index.php?rest_route=\/wp\/v2\/users\/2"}],"replies":[{"embeddable":true,"href":"https:\/\/eskigazeteci.com\/index.php?rest_route=%2Fwp%2Fv2%2Fcomments&post=31147"}],"version-history":[{"count":0,"href":"https:\/\/eskigazeteci.com\/index.php?rest_route=\/wp\/v2\/posts\/31147\/revisions"}],"wp:featuredmedia":[{"embeddable":true,"href":"https:\/\/eskigazeteci.com\/index.php?rest_route=\/wp\/v2\/media\/31146"}],"wp:attachment":[{"href":"https:\/\/eskigazeteci.com\/index.php?rest_route=%2Fwp%2Fv2%2Fmedia&parent=31147"}],"wp:term":[{"taxonomy":"category","embeddable":true,"href":"https:\/\/eskigazeteci.com\/index.php?rest_route=%2Fwp%2Fv2%2Fcategories&post=31147"},{"taxonomy":"post_tag","embeddable":true,"href":"https:\/\/eskigazeteci.com\/index.php?rest_route=%2Fwp%2Fv2%2Ftags&post=31147"}],"curies":[{"name":"wp","href":"https:\/\/api.w.org\/{rel}","templated":true}]}}