{"id":31145,"date":"2026-05-01T04:20:11","date_gmt":"2026-05-01T04:20:11","guid":{"rendered":"https:\/\/eskigazeteci.com\/?p=31145"},"modified":"2026-05-01T04:20:11","modified_gmt":"2026-05-01T04:20:11","slug":"rabianin-cantasindan-ne-aldilar","status":"publish","type":"post","link":"https:\/\/eskigazeteci.com\/?p=31145","title":{"rendered":"Rabia&#8217;n\u0131n \u00c7antas\u0131ndan Ne Ald\u0131lar?"},"content":{"rendered":"<p>Savci ve Polisler Su\u00e7 Duyurusu<\/p>\n","protected":false},"excerpt":{"rendered":"<p>Giresun&#8217;da 8 y\u0131l \u00f6nce evlerinin \u00f6n\u00fcnde yaral\u0131 bulunup kald\u0131r\u0131ld\u0131\u011f\u0131 hastanede hayat\u0131n\u0131 kaybeden, savc\u0131l\u0131k soru\u015fturmas\u0131nda takipsizlik karar\u0131 verilen ve Adalet&#8230;<\/p>\n","protected":false},"author":2,"featured_media":31144,"comment_status":"open","ping_status":"open","sticky":false,"template":"","format":"standard","meta":{"footnotes":""},"categories":[6,5],"tags":[],"class_list":["post-31145","post","type-post","status-publish","format-standard","has-post-thumbnail","hentry","category-gundem","category-son-dakika"],"_links":{"self":[{"href":"https:\/\/eskigazeteci.com\/index.php?rest_route=\/wp\/v2\/posts\/31145","targetHints":{"allow":["GET"]}}],"collection":[{"href":"https:\/\/eskigazeteci.com\/index.php?rest_route=\/wp\/v2\/posts"}],"about":[{"href":"https:\/\/eskigazeteci.com\/index.php?rest_route=\/wp\/v2\/types\/post"}],"author":[{"embeddable":true,"href":"https:\/\/eskigazeteci.com\/index.php?rest_route=\/wp\/v2\/users\/2"}],"replies":[{"embeddable":true,"href":"https:\/\/eskigazeteci.com\/index.php?rest_route=%2Fwp%2Fv2%2Fcomments&post=31145"}],"version-history":[{"count":0,"href":"https:\/\/eskigazeteci.com\/index.php?rest_route=\/wp\/v2\/posts\/31145\/revisions"}],"wp:featuredmedia":[{"embeddable":true,"href":"https:\/\/eskigazeteci.com\/index.php?rest_route=\/wp\/v2\/media\/31144"}],"wp:attachment":[{"href":"https:\/\/eskigazeteci.com\/index.php?rest_route=%2Fwp%2Fv2%2Fmedia&parent=31145"}],"wp:term":[{"taxonomy":"category","embeddable":true,"href":"https:\/\/eskigazeteci.com\/index.php?rest_route=%2Fwp%2Fv2%2Fcategories&post=31145"},{"taxonomy":"post_tag","embeddable":true,"href":"https:\/\/eskigazeteci.com\/index.php?rest_route=%2Fwp%2Fv2%2Ftags&post=31145"}],"curies":[{"name":"wp","href":"https:\/\/api.w.org\/{rel}","templated":true}]}}