{"id":31143,"date":"2026-05-01T04:19:04","date_gmt":"2026-05-01T04:19:04","guid":{"rendered":"https:\/\/eskigazeteci.com\/?p=31143"},"modified":"2026-05-01T04:19:04","modified_gmt":"2026-05-01T04:19:04","slug":"aksehir-golu-8-yil-sonra-canlandi","status":"publish","type":"post","link":"https:\/\/eskigazeteci.com\/?p=31143","title":{"rendered":"Ak\u015fehir G\u00f6l\u00fc 8 y\u0131l sonra canland\u0131"},"content":{"rendered":"<p>Konya ve Afyonkarahisar s\u0131n\u0131rlar\u0131 i\u00e7inde yer alan, 354 kilometrelik y\u00fcz\u00f6l\u00e7\u00fcm\u00fcyle ge\u00e7mi\u015f y\u0131llarda onlarca bal\u0131k t\u00fcr\u00fcne sahip olan Ak\u015fehir G\u00f6l\u00fc , bilin\u00e7siz tar\u0131msal sulama ve k\u00fcresel iklim de\u011fi\u015fikli\u011fi nedeniyle tamamen kurudu. Bu y\u0131l k\u0131\u015f mevsiminde beklenen kar ya\u011f\u0131\u015f\u0131n\u0131n istenilen seviyede olmamas\u0131na ra\u011fmen \u00f6zellikle ilkbahar aylar\u0131nda artan ya\u011f\u0131\u015flar ve \u00e7evredeki \u00e7ay ile derelerin ta\u015f\u0131d\u0131\u011f\u0131 sular g\u00f6le ula\u015ft\u0131. B\u00f6ylece Ak\u015fehir G\u00f6l\u00fc, yakla\u015f\u0131k 8 y\u0131l s\u00fcren kurakl\u0131\u011f\u0131n ard\u0131ndan yeniden su tutmaya ba\u015flad\u0131. G\u00f6l\u00fcn baz\u0131 kesimlerinde su birikintileri geni\u015f alana yay\u0131l\u0131rken, yer yer eski g\u00f6l g\u00f6r\u00fcnt\u00fcs\u00fcn\u00fc and\u0131ran manzaralar olu\u015ftu.<\/p>\n<p>G\u00f6l\u00fcn yeniden su tutmaya ba\u015flamas\u0131 sadece tar\u0131msal \u00fcretim a\u00e7\u0131s\u0131ndan de\u011fil, ayn\u0131 zamanda b\u00f6lgedeki ekosistemin canlanmas\u0131 a\u00e7\u0131s\u0131ndan da b\u00fcy\u00fck \u00f6nem ta\u015f\u0131yor. Kurakl\u0131k d\u00f6neminde b\u00fcy\u00fck zarar g\u00f6ren ku\u015f pop\u00fclasyonunun yeniden b\u00f6lgeye d\u00f6nmesi beklenirken, g\u00f6l \u00e7evresindeki do\u011fal ya\u015fam\u0131n kademeli olarak kendini yenileyece\u011fi \u00f6ng\u00f6r\u00fcl\u00fcyor.<\/p>\n<p>T\u00fcrkiye g\u00fcndeminden son dakika haberleri, bug\u00fcn ya\u015fanan en son geli\u015fmeler, siyaset g\u00fcndeminden g\u00fcncel haberler ve b\u00fct\u00fcn son dakika haberleri i\u00e7in H\u00fcrriyet&#x27;in internet haber sitesi hurriyet.com.tr; Hurriyet.com.tr haber i\u00e7erikleri kaynak&#8230;<\/p>\n","protected":false},"excerpt":{"rendered":"<p>AK\u015eEH\u0130R G\u00f6l\u00fc, yakla\u015f\u0131k 8 y\u0131l s\u00fcren kurakl\u0131\u011f\u0131n ard\u0131ndan yeniden su tutmaya ba\u015flad\u0131. Uzun s\u00fcredir b\u00fcy\u00fck \u00f6l\u00e7\u00fcde kuruyan ve yer yer tamamen yok olan g\u00f6l y\u00fczeyi,&#8230;<\/p>\n","protected":false},"author":2,"featured_media":31142,"comment_status":"open","ping_status":"open","sticky":false,"template":"","format":"standard","meta":{"footnotes":""},"categories":[6,5],"tags":[],"class_list":["post-31143","post","type-post","status-publish","format-standard","has-post-thumbnail","hentry","category-gundem","category-son-dakika"],"_links":{"self":[{"href":"https:\/\/eskigazeteci.com\/index.php?rest_route=\/wp\/v2\/posts\/31143","targetHints":{"allow":["GET"]}}],"collection":[{"href":"https:\/\/eskigazeteci.com\/index.php?rest_route=\/wp\/v2\/posts"}],"about":[{"href":"https:\/\/eskigazeteci.com\/index.php?rest_route=\/wp\/v2\/types\/post"}],"author":[{"embeddable":true,"href":"https:\/\/eskigazeteci.com\/index.php?rest_route=\/wp\/v2\/users\/2"}],"replies":[{"embeddable":true,"href":"https:\/\/eskigazeteci.com\/index.php?rest_route=%2Fwp%2Fv2%2Fcomments&post=31143"}],"version-history":[{"count":0,"href":"https:\/\/eskigazeteci.com\/index.php?rest_route=\/wp\/v2\/posts\/31143\/revisions"}],"wp:featuredmedia":[{"embeddable":true,"href":"https:\/\/eskigazeteci.com\/index.php?rest_route=\/wp\/v2\/media\/31142"}],"wp:attachment":[{"href":"https:\/\/eskigazeteci.com\/index.php?rest_route=%2Fwp%2Fv2%2Fmedia&parent=31143"}],"wp:term":[{"taxonomy":"category","embeddable":true,"href":"https:\/\/eskigazeteci.com\/index.php?rest_route=%2Fwp%2Fv2%2Fcategories&post=31143"},{"taxonomy":"post_tag","embeddable":true,"href":"https:\/\/eskigazeteci.com\/index.php?rest_route=%2Fwp%2Fv2%2Ftags&post=31143"}],"curies":[{"name":"wp","href":"https:\/\/api.w.org\/{rel}","templated":true}]}}